{"id":84,"date":"2013-02-16T10:32:56","date_gmt":"2013-02-16T10:32:56","guid":{"rendered":"http:\/\/www.lived-space-lab.org\/stadterfinden\/?p=84"},"modified":"2013-02-16T13:52:53","modified_gmt":"2013-02-16T13:52:53","slug":"cw16-stasiareal","status":"publish","type":"post","link":"https:\/\/www.lived-space-lab.org\/stadterfinden\/cw16-stasiareal\/","title":{"rendered":"CW16 Stasiareal"},"content":{"rendered":"<p>C: Ist das denn (auf die Stasizentrale zeigend) tats\u00e4chlich ein Gebiet, das man gar nicht so wahrnimmt ?<br \/>\nW: Ja, was die Nomannenstra\u00dfe hier betrifft, die ehemalige <a href=\"http:\/\/www.lived-space-lab.org\/stadterfinden\/?tag=stasi-areal\">Stasi Zentrale<\/a>: Davon merken wir eigentlich relativ wenig. Also wenn die Busse da so hinfahren&#8230; aber das hier hinten ist halt einmal im Jahr der Aufruhr. Wenn da diese Demonstration ist (<a href=\"http:\/\/www.lived-space-lab.org\/stadterfinden\/?p=74\">CW18<\/a>). F\u00fcr mich hat es einfach nicht so die besondere Bedeutung, das muss ich mal dazu sagen. Keine Ahnung.<br \/>\nC: Weil dieses Gebiet liegt ja viel abgetrennter (auf das Industriegebiet zeigend).<br \/>\nW: Genau. \u2026 Na gut. Es ist halt die Zentrale, die zentrale Gedenkst\u00e4tte. Zum Beispiel dieses Geb\u00e4ude, das ist seit zwanzig Jahren mit h\u00e4sslichen Planen zugeh\u00e4ngt. Und ja, dann wird mal ein bisschen was gemacht, aber besonders attraktiv ist das eben auch nicht. \u2026 Hier k\u00f6nnte zum Beispiel Theater und Kultur einziehen, in die vorhandenen Geb\u00e4ude.<br \/>\nAlso, wenn man so durchl\u00e4uft, da ist dieses Geb\u00e4ude, das eigentlich durch diese Gedenkst\u00e4tte dominiert. Dass man dort auch noch einmal ein Angebot macht fu\u0308r die Menschen, die hier leben. Nette Restaurants, Caf\u00e9s \u2013 gut, so viel wird man nicht brauchen. Theater, Kinos, sonst irgendwas, dass das lebendiger wird.<br \/>\nR\u00e4umem\u00e4\u00dfig und geb\u00e4udem\u00e4\u00dfig ist es schon okay, dieses Areal, dass man das nutzen k\u00f6nnte. \u2026 F\u00fcr das, was man hier in dem Areal sonst nicht machen kann.<\/p>\n<p><a href=\"http:\/\/www.lived-space-lab.org\/stadterfinden\/files\/2013\/02\/cw16_Stasimuseum.gif\"><img loading=\"lazy\" decoding=\"async\" class=\"alignnone size-large wp-image-87\" alt=\"cw16_Stasimuseum\" src=\"http:\/\/www.lived-space-lab.org\/stadterfinden\/files\/2013\/02\/cw16_Stasimuseum-1024x682.gif\" width=\"640\" height=\"426\" srcset=\"https:\/\/www.lived-space-lab.org\/stadterfinden\/files\/2013\/02\/cw16_Stasimuseum-1024x682.gif 1024w, https:\/\/www.lived-space-lab.org\/stadterfinden\/files\/2013\/02\/cw16_Stasimuseum-300x199.gif 300w, https:\/\/www.lived-space-lab.org\/stadterfinden\/files\/2013\/02\/cw16_Stasimuseum-700x467.gif 700w\" sizes=\"auto, (max-width: 640px) 100vw, 640px\" \/><\/a><\/p>\n","protected":false},"excerpt":{"rendered":"<p>C: Ist das denn (auf die Stasizentrale zeigend) tats\u00e4chlich ein Gebiet, das man gar nicht so wahrnimmt ? W: Ja, was die Nomannenstra\u00dfe hier betrifft, die ehemalige Stasi Zentrale: Davon merken wir eigentlich relativ wenig. Also wenn die Busse da so hinfahren&#8230; aber das hier hinten ist halt einmal im Jahr der Aufruhr. Wenn da [&hellip;]<\/p>\n","protected":false},"author":1,"featured_media":87,"comment_status":"closed","ping_status":"closed","sticky":false,"template":"","format":"standard","meta":{"footnotes":""},"categories":[21,52,57],"tags":[26,27,13,80,25],"class_list":["post-84","post","type-post","status-publish","format-standard","has-post-thumbnail","hentry","category-cw","category-liminale-raume","category-utopische-orte","tag-cafes","tag-gedenkstatte","tag-kino","tag-kultur","tag-stasi-areal"],"_links":{"self":[{"href":"https:\/\/www.lived-space-lab.org\/stadterfinden\/wp-json\/wp\/v2\/posts\/84","targetHints":{"allow":["GET"]}}],"collection":[{"href":"https:\/\/www.lived-space-lab.org\/stadterfinden\/wp-json\/wp\/v2\/posts"}],"about":[{"href":"https:\/\/www.lived-space-lab.org\/stadterfinden\/wp-json\/wp\/v2\/types\/post"}],"author":[{"embeddable":true,"href":"https:\/\/www.lived-space-lab.org\/stadterfinden\/wp-json\/wp\/v2\/users\/1"}],"replies":[{"embeddable":true,"href":"https:\/\/www.lived-space-lab.org\/stadterfinden\/wp-json\/wp\/v2\/comments?post=84"}],"version-history":[{"count":8,"href":"https:\/\/www.lived-space-lab.org\/stadterfinden\/wp-json\/wp\/v2\/posts\/84\/revisions"}],"predecessor-version":[{"id":260,"href":"https:\/\/www.lived-space-lab.org\/stadterfinden\/wp-json\/wp\/v2\/posts\/84\/revisions\/260"}],"wp:featuredmedia":[{"embeddable":true,"href":"https:\/\/www.lived-space-lab.org\/stadterfinden\/wp-json\/wp\/v2\/media\/87"}],"wp:attachment":[{"href":"https:\/\/www.lived-space-lab.org\/stadterfinden\/wp-json\/wp\/v2\/media?parent=84"}],"wp:term":[{"taxonomy":"category","embeddable":true,"href":"https:\/\/www.lived-space-lab.org\/stadterfinden\/wp-json\/wp\/v2\/categories?post=84"},{"taxonomy":"post_tag","embeddable":true,"href":"https:\/\/www.lived-space-lab.org\/stadterfinden\/wp-json\/wp\/v2\/tags?post=84"}],"curies":[{"name":"wp","href":"https:\/\/api.w.org\/{rel}","templated":true}]}}