{"id":76,"date":"2013-02-16T09:40:29","date_gmt":"2013-02-16T09:40:29","guid":{"rendered":"http:\/\/www.lived-space-lab.org\/stadterfinden\/?p=76"},"modified":"2013-02-16T13:11:04","modified_gmt":"2013-02-16T13:11:04","slug":"cw17-wohnblock","status":"publish","type":"post","link":"https:\/\/www.lived-space-lab.org\/stadterfinden\/cw17-wohnblock\/","title":{"rendered":"CW17 Wohnblock"},"content":{"rendered":"<p>W: Es hie\u00df, ich wei\u00df nicht mehr, ob ich es gelesen habe, es hie\u00df, es sollten erschwingliche Mieten sein und jetzt hat man diese Wohnungen vorrangig f\u00fcr junge Leute und Studenten zur Verf\u00fcgung gestellt.<br \/>\nEs ist sicher auch interessant f\u00fcr Studenten in das Gebiet zu ziehen, da die Mieten noch erschwinglich sind.<br \/>\n\u2026 Es hat ja auch immer die Gebiete belebt, wenn junge Leute gekommen sind. Viele sind zwar dann auch wieder weggegangen, aber viele haben sich dann auch mit dem Kiez identifiziert und sich eine Wohnung dort gesucht und Familien gegr\u00fcndet. Diese Frage finde ich wirklich spannend.<br \/>\nC: Aber ist es schon bezogen?<br \/>\nW: Nein das wird jetzt bezogen. Vielleicht nimmt das auch einen Einfluss auf die Stra\u00dfe hier gegen\u00fcber. Ja, dass es dann neue Leute gibt, die hier Gesch\u00e4fte er\u00f6ffnen. W\u00fcrde ich toll finden.<\/p>\n","protected":false},"excerpt":{"rendered":"<p>W: Es hie\u00df, ich wei\u00df nicht mehr, ob ich es gelesen habe, es hie\u00df, es sollten erschwingliche Mieten sein und jetzt hat man diese Wohnungen vorrangig f\u00fcr junge Leute und Studenten zur Verf\u00fcgung gestellt. Es ist sicher auch interessant f\u00fcr Studenten in das Gebiet zu ziehen, da die Mieten noch erschwinglich sind. \u2026 Es hat [&hellip;]<\/p>\n","protected":false},"author":1,"featured_media":0,"comment_status":"closed","ping_status":"closed","sticky":false,"template":"","format":"standard","meta":{"footnotes":""},"categories":[56,21,53],"tags":[7,23],"class_list":["post-76","post","type-post","status-publish","format-standard","hentry","category-biographische-orte","category-cw","category-strukturelle-raume","tag-sanierung","tag-wohnen"],"_links":{"self":[{"href":"https:\/\/www.lived-space-lab.org\/stadterfinden\/wp-json\/wp\/v2\/posts\/76","targetHints":{"allow":["GET"]}}],"collection":[{"href":"https:\/\/www.lived-space-lab.org\/stadterfinden\/wp-json\/wp\/v2\/posts"}],"about":[{"href":"https:\/\/www.lived-space-lab.org\/stadterfinden\/wp-json\/wp\/v2\/types\/post"}],"author":[{"embeddable":true,"href":"https:\/\/www.lived-space-lab.org\/stadterfinden\/wp-json\/wp\/v2\/users\/1"}],"replies":[{"embeddable":true,"href":"https:\/\/www.lived-space-lab.org\/stadterfinden\/wp-json\/wp\/v2\/comments?post=76"}],"version-history":[{"count":3,"href":"https:\/\/www.lived-space-lab.org\/stadterfinden\/wp-json\/wp\/v2\/posts\/76\/revisions"}],"predecessor-version":[{"id":78,"href":"https:\/\/www.lived-space-lab.org\/stadterfinden\/wp-json\/wp\/v2\/posts\/76\/revisions\/78"}],"wp:attachment":[{"href":"https:\/\/www.lived-space-lab.org\/stadterfinden\/wp-json\/wp\/v2\/media?parent=76"}],"wp:term":[{"taxonomy":"category","embeddable":true,"href":"https:\/\/www.lived-space-lab.org\/stadterfinden\/wp-json\/wp\/v2\/categories?post=76"},{"taxonomy":"post_tag","embeddable":true,"href":"https:\/\/www.lived-space-lab.org\/stadterfinden\/wp-json\/wp\/v2\/tags?post=76"}],"curies":[{"name":"wp","href":"https:\/\/api.w.org\/{rel}","templated":true}]}}