{"id":66,"date":"2013-02-16T11:30:48","date_gmt":"2013-02-16T11:30:48","guid":{"rendered":"http:\/\/www.lived-space-lab.org\/stadterfinden\/?p=66"},"modified":"2013-02-17T00:38:53","modified_gmt":"2013-02-17T00:38:53","slug":"cw-team","status":"publish","type":"post","link":"https:\/\/www.lived-space-lab.org\/stadterfinden\/cw-team\/","title":{"rendered":"CW TEAM"},"content":{"rendered":"<p>EXTERNE: Catharina Demmel, 1987 in D\u00fcsseldorf geboren, studierte Kommunikationsgestaltung an der Hochschule f\u00fcr Gestaltung Schw\u00e4bisch Gm\u00fcnd und am Dublin Institute of Technology. Zur Zeit macht sie ihren Master im Bereich Marketing und Konzeption an der Universit\u00e4t der K\u00fcnste Berlin.<\/p>\n<p>EXPERTE: Wolfgang Krug lebt seit 38 Jahren mit seiner Frau in Lichtenberg. Sie sind beide im sozialen Bereich t\u00e4tig. Herr Krug arbeitet als Integrationsberater bei der LWB , der Lichtenberger Werkstatt f\u00fcr Behinderte GmbH, und ist au\u00dferdem Mitarbeiter beim Projekt Netzwerk Arbeit.<\/p>\n","protected":false},"excerpt":{"rendered":"<p>EXTERNE: Catharina Demmel, 1987 in D\u00fcsseldorf geboren, studierte Kommunikationsgestaltung an der Hochschule f\u00fcr Gestaltung Schw\u00e4bisch Gm\u00fcnd und am Dublin Institute of Technology. Zur Zeit macht sie ihren Master im Bereich Marketing und Konzeption an der Universit\u00e4t der K\u00fcnste Berlin. EXPERTE: Wolfgang Krug lebt seit 38 Jahren mit seiner Frau in Lichtenberg. Sie sind beide im [&hellip;]<\/p>\n","protected":false},"author":1,"featured_media":523,"comment_status":"closed","ping_status":"closed","sticky":false,"template":"","format":"standard","meta":{"footnotes":""},"categories":[21,4],"tags":[],"class_list":["post-66","post","type-post","status-publish","format-standard","has-post-thumbnail","hentry","category-cw","category-teams"],"_links":{"self":[{"href":"https:\/\/www.lived-space-lab.org\/stadterfinden\/wp-json\/wp\/v2\/posts\/66","targetHints":{"allow":["GET"]}}],"collection":[{"href":"https:\/\/www.lived-space-lab.org\/stadterfinden\/wp-json\/wp\/v2\/posts"}],"about":[{"href":"https:\/\/www.lived-space-lab.org\/stadterfinden\/wp-json\/wp\/v2\/types\/post"}],"author":[{"embeddable":true,"href":"https:\/\/www.lived-space-lab.org\/stadterfinden\/wp-json\/wp\/v2\/users\/1"}],"replies":[{"embeddable":true,"href":"https:\/\/www.lived-space-lab.org\/stadterfinden\/wp-json\/wp\/v2\/comments?post=66"}],"version-history":[{"count":8,"href":"https:\/\/www.lived-space-lab.org\/stadterfinden\/wp-json\/wp\/v2\/posts\/66\/revisions"}],"predecessor-version":[{"id":525,"href":"https:\/\/www.lived-space-lab.org\/stadterfinden\/wp-json\/wp\/v2\/posts\/66\/revisions\/525"}],"wp:featuredmedia":[{"embeddable":true,"href":"https:\/\/www.lived-space-lab.org\/stadterfinden\/wp-json\/wp\/v2\/media\/523"}],"wp:attachment":[{"href":"https:\/\/www.lived-space-lab.org\/stadterfinden\/wp-json\/wp\/v2\/media?parent=66"}],"wp:term":[{"taxonomy":"category","embeddable":true,"href":"https:\/\/www.lived-space-lab.org\/stadterfinden\/wp-json\/wp\/v2\/categories?post=66"},{"taxonomy":"post_tag","embeddable":true,"href":"https:\/\/www.lived-space-lab.org\/stadterfinden\/wp-json\/wp\/v2\/tags?post=66"}],"curies":[{"name":"wp","href":"https:\/\/api.w.org\/{rel}","templated":true}]}}