{"id":644,"date":"2013-02-16T19:08:24","date_gmt":"2013-02-16T19:08:24","guid":{"rendered":"http:\/\/www.lived-space-lab.org\/stadterfinden\/?p=644"},"modified":"2013-03-01T09:46:02","modified_gmt":"2013-03-01T09:46:02","slug":"ka13-frankfurter-allee","status":"publish","type":"post","link":"https:\/\/www.lived-space-lab.org\/stadterfinden\/ka13-frankfurter-allee\/","title":{"rendered":"KA13 Frankfurter Allee"},"content":{"rendered":"<p>Mit der Ampel gibt es ein Problem: Keine 12 Sekunden f\u00fcr die Passanten zum R\u00fcberlaufen.<br \/>\nEs gibt hier kaum Einkaufsm\u00f6glichkeiten, die Kinder werden zum Einkaufen geschickt, auf der anderen Stra\u00dfenseite ist der Lidl. Geht die eine Ampel gr\u00fcn, geht man r\u00fcber, Verkehrsinsel, geht die auch gr\u00fcn. Beim Laufen wird die aber rot und die davor ist noch gr\u00fcn. Tss. Da rennt man immer bei rot r\u00fcber. Genauso, eigentlich k\u00f6nnte ich mich ja freuen, aber f\u00fcr die Autofahrer ist das doof, die Ampel an der Magdalenenstra\u00dfe: Mehrere Minuten gr\u00fcn f\u00fcr die Fu\u00dfg\u00e4nger aber nichtmal eine Minute f\u00fcr die Autofahrer.<br \/>\nIch finde, dass man die ausgleichen muss. Frankfurter Alle ist zwar &#8217;ne vielbefahrene Stra\u00dfe, aber, naja&#8230; Es gibt zwar ne Unterf\u00fchrung, aber die ist zu weit weg, ist ein Umweg.<\/p>\n<p><a href=\"http:\/\/www.lived-space-lab.org\/stadterfinden\/files\/2013\/03\/ka13_ampel_a.png\"><img loading=\"lazy\" decoding=\"async\" class=\"alignnone size-medium wp-image-645\" alt=\"ka13_ampel_a\" src=\"http:\/\/www.lived-space-lab.org\/stadterfinden\/files\/2013\/03\/ka13_ampel_a-164x300.png\" width=\"164\" height=\"300\" \/><\/a><\/p>\n","protected":false},"excerpt":{"rendered":"<p>Mit der Ampel gibt es ein Problem: Keine 12 Sekunden f\u00fcr die Passanten zum R\u00fcberlaufen. Es gibt hier kaum Einkaufsm\u00f6glichkeiten, die Kinder werden zum Einkaufen geschickt, auf der anderen Stra\u00dfenseite ist der Lidl. Geht die eine Ampel gr\u00fcn, geht man r\u00fcber, Verkehrsinsel, geht die auch gr\u00fcn. Beim Laufen wird die aber rot und die davor [&hellip;]<\/p>\n","protected":false},"author":1,"featured_media":645,"comment_status":"closed","ping_status":"closed","sticky":false,"template":"","format":"standard","meta":{"footnotes":""},"categories":[59,2,53],"tags":[12,147],"class_list":["post-644","post","type-post","status-publish","format-standard","has-post-thumbnail","hentry","category-ka","category-orte","category-strukturelle-raume","tag-einkaufen","tag-frankfurter-allee"],"_links":{"self":[{"href":"https:\/\/www.lived-space-lab.org\/stadterfinden\/wp-json\/wp\/v2\/posts\/644","targetHints":{"allow":["GET"]}}],"collection":[{"href":"https:\/\/www.lived-space-lab.org\/stadterfinden\/wp-json\/wp\/v2\/posts"}],"about":[{"href":"https:\/\/www.lived-space-lab.org\/stadterfinden\/wp-json\/wp\/v2\/types\/post"}],"author":[{"embeddable":true,"href":"https:\/\/www.lived-space-lab.org\/stadterfinden\/wp-json\/wp\/v2\/users\/1"}],"replies":[{"embeddable":true,"href":"https:\/\/www.lived-space-lab.org\/stadterfinden\/wp-json\/wp\/v2\/comments?post=644"}],"version-history":[{"count":3,"href":"https:\/\/www.lived-space-lab.org\/stadterfinden\/wp-json\/wp\/v2\/posts\/644\/revisions"}],"predecessor-version":[{"id":677,"href":"https:\/\/www.lived-space-lab.org\/stadterfinden\/wp-json\/wp\/v2\/posts\/644\/revisions\/677"}],"wp:featuredmedia":[{"embeddable":true,"href":"https:\/\/www.lived-space-lab.org\/stadterfinden\/wp-json\/wp\/v2\/media\/645"}],"wp:attachment":[{"href":"https:\/\/www.lived-space-lab.org\/stadterfinden\/wp-json\/wp\/v2\/media?parent=644"}],"wp:term":[{"taxonomy":"category","embeddable":true,"href":"https:\/\/www.lived-space-lab.org\/stadterfinden\/wp-json\/wp\/v2\/categories?post=644"},{"taxonomy":"post_tag","embeddable":true,"href":"https:\/\/www.lived-space-lab.org\/stadterfinden\/wp-json\/wp\/v2\/tags?post=644"}],"curies":[{"name":"wp","href":"https:\/\/api.w.org\/{rel}","templated":true}]}}