{"id":586,"date":"2013-02-07T14:24:10","date_gmt":"2013-02-07T14:24:10","guid":{"rendered":"http:\/\/www.lived-space-lab.org\/stadterfinden\/?p=586"},"modified":"2013-10-11T16:23:42","modified_gmt":"2013-10-11T16:23:42","slug":"dc03-aussterben","status":"publish","type":"post","link":"https:\/\/www.lived-space-lab.org\/stadterfinden\/dc03-aussterben\/","title":{"rendered":"DC03 Aussterben"},"content":{"rendered":"<p>[Vor dem Bekon-Gel\u00e4nde] war vor dem Umbau ein \u00f6ffentliches Geb\u00e4ude mit zahlreichen B\u00fcros und da fand man alle m\u00f6glichen sozialen Anlaufstellen (&#8230;) dieses Geb\u00e4ude wurde nun zu einem Wohnkomplex umgebaut. Dabei ist die Stra\u00dfe davor so laut (&#8230;). Was schade daran ist: der Platz stirbt langsam in seinem \u00f6ffentlichen Leben einfach ein St\u00fcck ab.<\/p>\n<p><a href=\"http:\/\/www.lived-space-lab.org\/stadterfinden\/files\/2013\/02\/dc3_zuga\u0308nglichkeit.gif\"><img loading=\"lazy\" decoding=\"async\" class=\"alignnone size-large wp-image-558\" alt=\"dc3_zuga\u0308nglichkeit\" src=\"http:\/\/www.lived-space-lab.org\/stadterfinden\/files\/2013\/02\/dc3_zuga\u0308nglichkeit-604x1024.gif\" width=\"427\" height=\"724\" srcset=\"https:\/\/www.lived-space-lab.org\/stadterfinden\/files\/2013\/02\/dc3_zuga\u0308nglichkeit-604x1024.gif 604w, https:\/\/www.lived-space-lab.org\/stadterfinden\/files\/2013\/02\/dc3_zuga\u0308nglichkeit-177x300.gif 177w\" sizes=\"auto, (max-width: 427px) 100vw, 427px\" \/><\/a><\/p>\n<p><a href=\"http:\/\/www.lived-space-lab.org\/stadterfinden\/files\/2013\/02\/dc3_zuga\u0308nglich2.gif\"><img loading=\"lazy\" decoding=\"async\" class=\"alignnone size-large wp-image-557\" alt=\"dc3_zuga\u0308nglich2\" src=\"http:\/\/www.lived-space-lab.org\/stadterfinden\/files\/2013\/02\/dc3_zuga\u0308nglich2-1024x845.gif\" width=\"608\" height=\"501\" srcset=\"https:\/\/www.lived-space-lab.org\/stadterfinden\/files\/2013\/02\/dc3_zuga\u0308nglich2-1024x845.gif 1024w, https:\/\/www.lived-space-lab.org\/stadterfinden\/files\/2013\/02\/dc3_zuga\u0308nglich2-300x247.gif 300w\" sizes=\"auto, (max-width: 608px) 100vw, 608px\" \/><\/a><\/p>\n<p>&nbsp;<\/p>\n<p>&nbsp;<\/p>\n","protected":false},"excerpt":{"rendered":"<p>[Vor dem Bekon-Gel\u00e4nde] war vor dem Umbau ein \u00f6ffentliches Geb\u00e4ude mit zahlreichen B\u00fcros und da fand man alle m\u00f6glichen sozialen Anlaufstellen (&#8230;) dieses Geb\u00e4ude wurde nun zu einem Wohnkomplex umgebaut. Dabei ist die Stra\u00dfe davor so laut (&#8230;). Was schade daran ist: der Platz stirbt langsam in seinem \u00f6ffentlichen Leben einfach ein St\u00fcck ab. &nbsp; [&hellip;]<\/p>\n","protected":false},"author":1,"featured_media":558,"comment_status":"closed","ping_status":"closed","sticky":false,"template":"","format":"standard","meta":{"footnotes":""},"categories":[56,61,53],"tags":[73,143],"class_list":["post-586","post","type-post","status-publish","format-standard","has-post-thumbnail","hentry","category-biographische-orte","category-dc","category-strukturelle-raume","tag-offentlicher-raum","tag-privatisierung"],"_links":{"self":[{"href":"https:\/\/www.lived-space-lab.org\/stadterfinden\/wp-json\/wp\/v2\/posts\/586","targetHints":{"allow":["GET"]}}],"collection":[{"href":"https:\/\/www.lived-space-lab.org\/stadterfinden\/wp-json\/wp\/v2\/posts"}],"about":[{"href":"https:\/\/www.lived-space-lab.org\/stadterfinden\/wp-json\/wp\/v2\/types\/post"}],"author":[{"embeddable":true,"href":"https:\/\/www.lived-space-lab.org\/stadterfinden\/wp-json\/wp\/v2\/users\/1"}],"replies":[{"embeddable":true,"href":"https:\/\/www.lived-space-lab.org\/stadterfinden\/wp-json\/wp\/v2\/comments?post=586"}],"version-history":[{"count":3,"href":"https:\/\/www.lived-space-lab.org\/stadterfinden\/wp-json\/wp\/v2\/posts\/586\/revisions"}],"predecessor-version":[{"id":830,"href":"https:\/\/www.lived-space-lab.org\/stadterfinden\/wp-json\/wp\/v2\/posts\/586\/revisions\/830"}],"wp:featuredmedia":[{"embeddable":true,"href":"https:\/\/www.lived-space-lab.org\/stadterfinden\/wp-json\/wp\/v2\/media\/558"}],"wp:attachment":[{"href":"https:\/\/www.lived-space-lab.org\/stadterfinden\/wp-json\/wp\/v2\/media?parent=586"}],"wp:term":[{"taxonomy":"category","embeddable":true,"href":"https:\/\/www.lived-space-lab.org\/stadterfinden\/wp-json\/wp\/v2\/categories?post=586"},{"taxonomy":"post_tag","embeddable":true,"href":"https:\/\/www.lived-space-lab.org\/stadterfinden\/wp-json\/wp\/v2\/tags?post=586"}],"curies":[{"name":"wp","href":"https:\/\/api.w.org\/{rel}","templated":true}]}}