{"id":495,"date":"2013-02-17T00:10:52","date_gmt":"2013-02-17T00:10:52","guid":{"rendered":"http:\/\/www.lived-space-lab.org\/stadterfinden\/?p=495"},"modified":"2013-02-17T00:28:46","modified_gmt":"2013-02-17T00:28:46","slug":"dp-team","status":"publish","type":"post","link":"https:\/\/www.lived-space-lab.org\/stadterfinden\/dp-team\/","title":{"rendered":"DP TEAM"},"content":{"rendered":"<p>EXTERNE: D\u00e9sir\u00e9e Flury ist 25 Jahre alt und in Davos in der Schweiz aufgewachsen. Zur Zeit studiert sie Architektur an der Z\u00fcrcher Hochschule f\u00fcr Angewandte Wissenschaften und ist im Rahmen des Erasmus-Austauschprogramms f\u00fcr dieses Semester an der UdK in Berlin. Im Sommer dieses Jahres wird sie ihr Studium als Architektin abschlie\u00dfen.<\/p>\n<p>EXPERTE: Jean Paul M\u00fcller ist 19 Jahre alt und wohnt seit 15 Jahren an der Wotanstrasse in Lichtenberg.\u00a0 Paul hat das Abitur im letzten Jahr gemacht und absolviert zur Zeit sein Freiwilliges Soziales Jahr beim DRK-Blutspendedienst. Danach m\u00f6chte er sich zum Optiker oder Zahntechniker ausbilden lassen.<\/p>\n","protected":false},"excerpt":{"rendered":"<p>EXTERNE: D\u00e9sir\u00e9e Flury ist 25 Jahre alt und in Davos in der Schweiz aufgewachsen. Zur Zeit studiert sie Architektur an der Z\u00fcrcher Hochschule f\u00fcr Angewandte Wissenschaften und ist im Rahmen des Erasmus-Austauschprogramms f\u00fcr dieses Semester an der UdK in Berlin. Im Sommer dieses Jahres wird sie ihr Studium als Architektin abschlie\u00dfen. EXPERTE: Jean Paul M\u00fcller [&hellip;]<\/p>\n","protected":false},"author":1,"featured_media":511,"comment_status":"closed","ping_status":"closed","sticky":false,"template":"","format":"standard","meta":{"footnotes":""},"categories":[58,4],"tags":[],"class_list":["post-495","post","type-post","status-publish","format-standard","has-post-thumbnail","hentry","category-dp","category-teams"],"_links":{"self":[{"href":"https:\/\/www.lived-space-lab.org\/stadterfinden\/wp-json\/wp\/v2\/posts\/495","targetHints":{"allow":["GET"]}}],"collection":[{"href":"https:\/\/www.lived-space-lab.org\/stadterfinden\/wp-json\/wp\/v2\/posts"}],"about":[{"href":"https:\/\/www.lived-space-lab.org\/stadterfinden\/wp-json\/wp\/v2\/types\/post"}],"author":[{"embeddable":true,"href":"https:\/\/www.lived-space-lab.org\/stadterfinden\/wp-json\/wp\/v2\/users\/1"}],"replies":[{"embeddable":true,"href":"https:\/\/www.lived-space-lab.org\/stadterfinden\/wp-json\/wp\/v2\/comments?post=495"}],"version-history":[{"count":3,"href":"https:\/\/www.lived-space-lab.org\/stadterfinden\/wp-json\/wp\/v2\/posts\/495\/revisions"}],"predecessor-version":[{"id":507,"href":"https:\/\/www.lived-space-lab.org\/stadterfinden\/wp-json\/wp\/v2\/posts\/495\/revisions\/507"}],"wp:featuredmedia":[{"embeddable":true,"href":"https:\/\/www.lived-space-lab.org\/stadterfinden\/wp-json\/wp\/v2\/media\/511"}],"wp:attachment":[{"href":"https:\/\/www.lived-space-lab.org\/stadterfinden\/wp-json\/wp\/v2\/media?parent=495"}],"wp:term":[{"taxonomy":"category","embeddable":true,"href":"https:\/\/www.lived-space-lab.org\/stadterfinden\/wp-json\/wp\/v2\/categories?post=495"},{"taxonomy":"post_tag","embeddable":true,"href":"https:\/\/www.lived-space-lab.org\/stadterfinden\/wp-json\/wp\/v2\/tags?post=495"}],"curies":[{"name":"wp","href":"https:\/\/api.w.org\/{rel}","templated":true}]}}