{"id":478,"date":"2013-02-17T00:00:52","date_gmt":"2013-02-17T00:00:52","guid":{"rendered":"http:\/\/www.lived-space-lab.org\/stadterfinden\/?p=478"},"modified":"2013-02-17T00:00:52","modified_gmt":"2013-02-17T00:00:52","slug":"dp08-theater-an-der-parkaue","status":"publish","type":"post","link":"https:\/\/www.lived-space-lab.org\/stadterfinden\/dp08-theater-an-der-parkaue\/","title":{"rendered":"DP08 Theater an der Parkaue"},"content":{"rendered":"<p>Dann gibt\u2019s noch das Theater an der Parkaue, ich glaube, das z\u00e4hlt auch noch zum Quartier. Das ist einfach ein sehr sch\u00f6nes Theater. Ich weiss, dass ich im Kindergarten dort war f\u00fcr eine Vorstellung. Jetzt auch in der Oberschule noch mal, mit dem Gymnasium. In der Grundschule waren wir eigentlich auch dort. Mit jedem Bildungsweg wurde uns das Theater gezeigt und hatte irgendwas f\u00fcr uns, und das fand ich eigentlich sehr gut.<br \/>\n<a href=\"http:\/\/www.lived-space-lab.org\/stadterfinden\/files\/2013\/02\/dp08_rep_Theater-der-Park-Kopie.gif\"><img loading=\"lazy\" decoding=\"async\" class=\"alignnone size-full wp-image-457\" alt=\"dp08_rep_Theater der Park Kopie\" src=\"http:\/\/www.lived-space-lab.org\/stadterfinden\/files\/2013\/02\/dp08_rep_Theater-der-Park-Kopie.gif\" width=\"591\" height=\"613\" \/><\/a><\/p>\n","protected":false},"excerpt":{"rendered":"<p>Dann gibt\u2019s noch das Theater an der Parkaue, ich glaube, das z\u00e4hlt auch noch zum Quartier. Das ist einfach ein sehr sch\u00f6nes Theater. Ich weiss, dass ich im Kindergarten dort war f\u00fcr eine Vorstellung. Jetzt auch in der Oberschule noch mal, mit dem Gymnasium. In der Grundschule waren wir eigentlich auch dort. Mit jedem Bildungsweg [&hellip;]<\/p>\n","protected":false},"author":1,"featured_media":457,"comment_status":"closed","ping_status":"closed","sticky":false,"template":"","format":"standard","meta":{"footnotes":""},"categories":[51,58,55],"tags":[128,109,29],"class_list":["post-478","post","type-post","status-publish","format-standard","has-post-thumbnail","hentry","category-affirmative-raume","category-dp","category-reprasentative-orte","tag-bildung","tag-schule","tag-theater"],"_links":{"self":[{"href":"https:\/\/www.lived-space-lab.org\/stadterfinden\/wp-json\/wp\/v2\/posts\/478","targetHints":{"allow":["GET"]}}],"collection":[{"href":"https:\/\/www.lived-space-lab.org\/stadterfinden\/wp-json\/wp\/v2\/posts"}],"about":[{"href":"https:\/\/www.lived-space-lab.org\/stadterfinden\/wp-json\/wp\/v2\/types\/post"}],"author":[{"embeddable":true,"href":"https:\/\/www.lived-space-lab.org\/stadterfinden\/wp-json\/wp\/v2\/users\/1"}],"replies":[{"embeddable":true,"href":"https:\/\/www.lived-space-lab.org\/stadterfinden\/wp-json\/wp\/v2\/comments?post=478"}],"version-history":[{"count":1,"href":"https:\/\/www.lived-space-lab.org\/stadterfinden\/wp-json\/wp\/v2\/posts\/478\/revisions"}],"predecessor-version":[{"id":479,"href":"https:\/\/www.lived-space-lab.org\/stadterfinden\/wp-json\/wp\/v2\/posts\/478\/revisions\/479"}],"wp:featuredmedia":[{"embeddable":true,"href":"https:\/\/www.lived-space-lab.org\/stadterfinden\/wp-json\/wp\/v2\/media\/457"}],"wp:attachment":[{"href":"https:\/\/www.lived-space-lab.org\/stadterfinden\/wp-json\/wp\/v2\/media?parent=478"}],"wp:term":[{"taxonomy":"category","embeddable":true,"href":"https:\/\/www.lived-space-lab.org\/stadterfinden\/wp-json\/wp\/v2\/categories?post=478"},{"taxonomy":"post_tag","embeddable":true,"href":"https:\/\/www.lived-space-lab.org\/stadterfinden\/wp-json\/wp\/v2\/tags?post=478"}],"curies":[{"name":"wp","href":"https:\/\/api.w.org\/{rel}","templated":true}]}}