{"id":413,"date":"2013-02-16T19:17:59","date_gmt":"2013-02-16T19:17:59","guid":{"rendered":"http:\/\/www.lived-space-lab.org\/stadterfinden\/?p=413"},"modified":"2013-03-01T09:11:21","modified_gmt":"2013-03-01T09:11:21","slug":"ka07-freiaplatz","status":"publish","type":"post","link":"https:\/\/www.lived-space-lab.org\/stadterfinden\/ka07-freiaplatz\/","title":{"rendered":"KA07 Freiaplatz"},"content":{"rendered":"<p>Eigentlich, wenn man so will, ist hier der Freiaplatz, und da gibt\u2018s noch andere Gr\u00fcnfl\u00e4chen, die sind aber privat und dann gibt\u2018s hier \u00fcber Plexus welche, aber da war ich noch nicht so oft. Ja, also ich hab mir gedacht, man k\u00f6nnte hier mehr Parks gebrauchen. Mit Spielpl\u00e4tzen. F\u00fcr die Zukunft. Es ziehen jetzt viele junge Leute nach Lichtenberg und die Kinder<br \/>\nvon denen k\u00f6nnen die dann nutzen. Zum Beispiel der Park am Rathaus. Meine Mutter arbeitet da, die geht da manchmal zum Sonnen hin. Da k\u00f6nnte man Liegen hinbauen. Dass das von allen Generationen genutzt wird. In Kompartements. Naja, also, Park, also Gr\u00fcnzeugs und so, das w\u00e4r ein bisschen \u00f6de. Na gut, kommt drauf an, die \u00c4lteren werden\u2018s vielleicht ein bisschen schickimicki finden.<\/p>\n<p><a href=\"http:\/\/www.lived-space-lab.org\/stadterfinden\/files\/2013\/02\/ka07_liegen_a.png\"><img loading=\"lazy\" decoding=\"async\" class=\"alignnone size-large wp-image-629\" alt=\"ka07_liegen_a\" src=\"http:\/\/www.lived-space-lab.org\/stadterfinden\/files\/2013\/02\/ka07_liegen_a-1024x667.png\" width=\"487\" height=\"316\" srcset=\"https:\/\/www.lived-space-lab.org\/stadterfinden\/files\/2013\/02\/ka07_liegen_a-1024x667.png 1024w, https:\/\/www.lived-space-lab.org\/stadterfinden\/files\/2013\/02\/ka07_liegen_a-300x195.png 300w, https:\/\/www.lived-space-lab.org\/stadterfinden\/files\/2013\/02\/ka07_liegen_a.png 1102w\" sizes=\"auto, (max-width: 487px) 100vw, 487px\" \/><\/a><br \/>\nWenn schon, dann sollen alle mit einbezogen sein: Hunde, Sportfans, die, die skaten, Tischtennis, Sonnenfans, \u00c4ltere, mit Kurplatz oder so, Kleinere\u2026 Also ich hab meinen Platz irgendwo in den B\u00e4umen. So Klettern, sch\u00f6n luftige Ebene. Als wir den Freiaplatz gestaltet haben, wollten wir Baumh\u00e4user bauen, &#8217;ne Seilbahn, aber hat nicht geklappt. Stattdessen wollte man, weil um die Ecke ist ja ein Ger\u00fcstshop, so &#8217;ne Art Kletterteil hinstellen. Mit Seil zum Hochlaufen, &#8217;nem Tunnel, Sprossen oder &#8217;ne Kletterwand. Das kriegen wir, vielleicht.<br \/>\nDie Bauherren, die machen ja nicht immer das, was man ihnen vorschl\u00e4gt. Die machen ja immer so&#8217;n bisschen nach ihrem Geschmack. Muss man ihnen auf die Finger gucken.<\/p>\n<p><a href=\"http:\/\/www.lived-space-lab.org\/stadterfinden\/files\/2013\/02\/ka07_boxenstop_a.png\"><img loading=\"lazy\" decoding=\"async\" class=\"alignnone size-medium wp-image-628\" alt=\"ka07_boxenstop_a\" src=\"http:\/\/www.lived-space-lab.org\/stadterfinden\/files\/2013\/02\/ka07_boxenstop_a-300x254.png\" width=\"300\" height=\"254\" srcset=\"https:\/\/www.lived-space-lab.org\/stadterfinden\/files\/2013\/02\/ka07_boxenstop_a-300x254.png 300w, https:\/\/www.lived-space-lab.org\/stadterfinden\/files\/2013\/02\/ka07_boxenstop_a.png 468w\" sizes=\"auto, (max-width: 300px) 100vw, 300px\" \/><\/a><\/p>\n<p>Den Boxenstopp, da haben wir auch mitentschieden, dass der wieder ge\u00f6ffnet wird.\u00a0 Freiwillige haben sich gemeldet und betreiben den jetzt.<\/p>\n<p>&nbsp;<\/p>\n","protected":false},"excerpt":{"rendered":"<p>Eigentlich, wenn man so will, ist hier der Freiaplatz, und da gibt\u2018s noch andere Gr\u00fcnfl\u00e4chen, die sind aber privat und dann gibt\u2018s hier \u00fcber Plexus welche, aber da war ich noch nicht so oft. Ja, also ich hab mir gedacht, man k\u00f6nnte hier mehr Parks gebrauchen. Mit Spielpl\u00e4tzen. F\u00fcr die Zukunft. Es ziehen jetzt viele [&hellip;]<\/p>\n","protected":false},"author":1,"featured_media":629,"comment_status":"closed","ping_status":"closed","sticky":false,"template":"","format":"standard","meta":{"footnotes":""},"categories":[51,56,59,53,57],"tags":[116,74,114,115,109],"class_list":["post-413","post","type-post","status-publish","format-standard","has-post-thumbnail","hentry","category-affirmative-raume","category-biographische-orte","category-ka","category-strukturelle-raume","category-utopische-orte","tag-bauherren","tag-freiaplatz","tag-kinder","tag-klettern","tag-schule"],"_links":{"self":[{"href":"https:\/\/www.lived-space-lab.org\/stadterfinden\/wp-json\/wp\/v2\/posts\/413","targetHints":{"allow":["GET"]}}],"collection":[{"href":"https:\/\/www.lived-space-lab.org\/stadterfinden\/wp-json\/wp\/v2\/posts"}],"about":[{"href":"https:\/\/www.lived-space-lab.org\/stadterfinden\/wp-json\/wp\/v2\/types\/post"}],"author":[{"embeddable":true,"href":"https:\/\/www.lived-space-lab.org\/stadterfinden\/wp-json\/wp\/v2\/users\/1"}],"replies":[{"embeddable":true,"href":"https:\/\/www.lived-space-lab.org\/stadterfinden\/wp-json\/wp\/v2\/comments?post=413"}],"version-history":[{"count":6,"href":"https:\/\/www.lived-space-lab.org\/stadterfinden\/wp-json\/wp\/v2\/posts\/413\/revisions"}],"predecessor-version":[{"id":437,"href":"https:\/\/www.lived-space-lab.org\/stadterfinden\/wp-json\/wp\/v2\/posts\/413\/revisions\/437"}],"wp:featuredmedia":[{"embeddable":true,"href":"https:\/\/www.lived-space-lab.org\/stadterfinden\/wp-json\/wp\/v2\/media\/629"}],"wp:attachment":[{"href":"https:\/\/www.lived-space-lab.org\/stadterfinden\/wp-json\/wp\/v2\/media?parent=413"}],"wp:term":[{"taxonomy":"category","embeddable":true,"href":"https:\/\/www.lived-space-lab.org\/stadterfinden\/wp-json\/wp\/v2\/categories?post=413"},{"taxonomy":"post_tag","embeddable":true,"href":"https:\/\/www.lived-space-lab.org\/stadterfinden\/wp-json\/wp\/v2\/tags?post=413"}],"curies":[{"name":"wp","href":"https:\/\/api.w.org\/{rel}","templated":true}]}}