{"id":389,"date":"2013-02-16T17:24:19","date_gmt":"2013-02-16T17:24:19","guid":{"rendered":"http:\/\/www.lived-space-lab.org\/stadterfinden\/?p=389"},"modified":"2013-02-16T17:24:42","modified_gmt":"2013-02-16T17:24:42","slug":"jb01-netze","status":"publish","type":"post","link":"https:\/\/www.lived-space-lab.org\/stadterfinden\/jb01-netze\/","title":{"rendered":"JB01 Netze"},"content":{"rendered":"<p>In den letzten 20 Jahren ist es nicht systematisch entwickeln worden, das Gebiet.<br \/>\nEigentlich br\u00e4uchte man einen kleinen Bus der hier so lang f\u00e4hrt (In Nord-S\u00fcd-Richtung durch den Stadtteil), weil hier wohnen auch viele alte Leute, also gerade hier im hinteren Teil, und die kommen ganz schlecht wohin.<br \/>\nDer eine Bus, der hier noch fuhr, der ist eingestellt worden \u2026. Und dann haben alle protestiert hier, und jetzt gibt es ein kleinen Bus f\u00fcr zehn, zw\u00f6lf Personen. Ein kleiner Lebensmittelmarkt hat auch hier ge\u00f6ffnet, in der R\u00fcdigerstra\u00dfe.<br \/>\nEs gibt viele interessante Kulturorte hier, aber sie sind nicht miteinander verbunden.<\/p>\n<p><a href=\"http:\/\/www.lived-space-lab.org\/stadterfinden\/files\/2013\/02\/jb01_Rathaus_Lichtenberg.gif\"><img loading=\"lazy\" decoding=\"async\" class=\"alignnone size-full wp-image-371\" alt=\"jb01_Rathaus_Lichtenberg\" src=\"http:\/\/www.lived-space-lab.org\/stadterfinden\/files\/2013\/02\/jb01_Rathaus_Lichtenberg.gif\" width=\"750\" height=\"472\" \/><\/a><\/p>\n","protected":false},"excerpt":{"rendered":"<p>In den letzten 20 Jahren ist es nicht systematisch entwickeln worden, das Gebiet. Eigentlich br\u00e4uchte man einen kleinen Bus der hier so lang f\u00e4hrt (In Nord-S\u00fcd-Richtung durch den Stadtteil), weil hier wohnen auch viele alte Leute, also gerade hier im hinteren Teil, und die kommen ganz schlecht wohin. Der eine Bus, der hier noch fuhr, [&hellip;]<\/p>\n","protected":false},"author":1,"featured_media":371,"comment_status":"closed","ping_status":"closed","sticky":false,"template":"","format":"standard","meta":{"footnotes":""},"categories":[63,2,53],"tags":[110,14,107],"class_list":["post-389","post","type-post","status-publish","format-standard","has-post-thumbnail","hentry","category-jb","category-orte","category-strukturelle-raume","tag-infrastruktur","tag-mobilitat","tag-soziales-netzwerk"],"_links":{"self":[{"href":"https:\/\/www.lived-space-lab.org\/stadterfinden\/wp-json\/wp\/v2\/posts\/389","targetHints":{"allow":["GET"]}}],"collection":[{"href":"https:\/\/www.lived-space-lab.org\/stadterfinden\/wp-json\/wp\/v2\/posts"}],"about":[{"href":"https:\/\/www.lived-space-lab.org\/stadterfinden\/wp-json\/wp\/v2\/types\/post"}],"author":[{"embeddable":true,"href":"https:\/\/www.lived-space-lab.org\/stadterfinden\/wp-json\/wp\/v2\/users\/1"}],"replies":[{"embeddable":true,"href":"https:\/\/www.lived-space-lab.org\/stadterfinden\/wp-json\/wp\/v2\/comments?post=389"}],"version-history":[{"count":2,"href":"https:\/\/www.lived-space-lab.org\/stadterfinden\/wp-json\/wp\/v2\/posts\/389\/revisions"}],"predecessor-version":[{"id":391,"href":"https:\/\/www.lived-space-lab.org\/stadterfinden\/wp-json\/wp\/v2\/posts\/389\/revisions\/391"}],"wp:featuredmedia":[{"embeddable":true,"href":"https:\/\/www.lived-space-lab.org\/stadterfinden\/wp-json\/wp\/v2\/media\/371"}],"wp:attachment":[{"href":"https:\/\/www.lived-space-lab.org\/stadterfinden\/wp-json\/wp\/v2\/media?parent=389"}],"wp:term":[{"taxonomy":"category","embeddable":true,"href":"https:\/\/www.lived-space-lab.org\/stadterfinden\/wp-json\/wp\/v2\/categories?post=389"},{"taxonomy":"post_tag","embeddable":true,"href":"https:\/\/www.lived-space-lab.org\/stadterfinden\/wp-json\/wp\/v2\/tags?post=389"}],"curies":[{"name":"wp","href":"https:\/\/api.w.org\/{rel}","templated":true}]}}