{"id":333,"date":"2013-02-08T16:19:53","date_gmt":"2013-02-08T16:19:53","guid":{"rendered":"http:\/\/www.lived-space-lab.org\/stadterfinden\/?p=333"},"modified":"2013-02-17T00:41:46","modified_gmt":"2013-02-17T00:41:46","slug":"vj-team","status":"publish","type":"post","link":"https:\/\/www.lived-space-lab.org\/stadterfinden\/vj-team\/","title":{"rendered":"VJ TEAM"},"content":{"rendered":"<p>EXTERNE: Valeria Fahrenkrog (geboren 1980 in Asuncion, Para-guay) ist K\u00fcnstlerin und setzt sich mit Stadt und Architektur in verschiedenen Medien auseinander.<br \/>\nErst studierte sie Bildende Kunst an der Universidad Cat\u00f3lica de Chile in Santiago, anschlie\u00dfend folgte ein Postgraduiertenstudium an der Kunsthochschule f\u00fcr Medien K\u00f6ln. Seit Oktober 2011 studiert sie am Masterstudiengang \u201eArt in Kontext\u201c mit dem Studienprofil \u201eK\u00fcnstlerische Arbeit im \u00f6ffentlichen Raum\u201c, an der Universit\u00e4t der K\u00fcnste in Berlin.<\/p>\n<p>EXPERTE: Javier Blanco ist Fotograf, Video- und Performance-K\u00fcnstler. Er wurde in 1984 in Buenos Aires, Argentinien geboren und hat lange Zeit in unterschiedlichen spanischen St\u00e4dten gewohnt. Durch ein Sprachstipendium ist er nach Berlin gekommen \u2013 und geblieben.<\/p>\n","protected":false},"excerpt":{"rendered":"<p>EXTERNE: Valeria Fahrenkrog (geboren 1980 in Asuncion, Para-guay) ist K\u00fcnstlerin und setzt sich mit Stadt und Architektur in verschiedenen Medien auseinander. Erst studierte sie Bildende Kunst an der Universidad Cat\u00f3lica de Chile in Santiago, anschlie\u00dfend folgte ein Postgraduiertenstudium an der Kunsthochschule f\u00fcr Medien K\u00f6ln. Seit Oktober 2011 studiert sie am Masterstudiengang \u201eArt in Kontext\u201c mit [&hellip;]<\/p>\n","protected":false},"author":1,"featured_media":511,"comment_status":"closed","ping_status":"closed","sticky":false,"template":"","format":"standard","meta":{"footnotes":""},"categories":[4,65],"tags":[],"class_list":["post-333","post","type-post","status-publish","format-standard","has-post-thumbnail","hentry","category-teams","category-vj"],"_links":{"self":[{"href":"https:\/\/www.lived-space-lab.org\/stadterfinden\/wp-json\/wp\/v2\/posts\/333","targetHints":{"allow":["GET"]}}],"collection":[{"href":"https:\/\/www.lived-space-lab.org\/stadterfinden\/wp-json\/wp\/v2\/posts"}],"about":[{"href":"https:\/\/www.lived-space-lab.org\/stadterfinden\/wp-json\/wp\/v2\/types\/post"}],"author":[{"embeddable":true,"href":"https:\/\/www.lived-space-lab.org\/stadterfinden\/wp-json\/wp\/v2\/users\/1"}],"replies":[{"embeddable":true,"href":"https:\/\/www.lived-space-lab.org\/stadterfinden\/wp-json\/wp\/v2\/comments?post=333"}],"version-history":[{"count":3,"href":"https:\/\/www.lived-space-lab.org\/stadterfinden\/wp-json\/wp\/v2\/posts\/333\/revisions"}],"predecessor-version":[{"id":530,"href":"https:\/\/www.lived-space-lab.org\/stadterfinden\/wp-json\/wp\/v2\/posts\/333\/revisions\/530"}],"wp:featuredmedia":[{"embeddable":true,"href":"https:\/\/www.lived-space-lab.org\/stadterfinden\/wp-json\/wp\/v2\/media\/511"}],"wp:attachment":[{"href":"https:\/\/www.lived-space-lab.org\/stadterfinden\/wp-json\/wp\/v2\/media?parent=333"}],"wp:term":[{"taxonomy":"category","embeddable":true,"href":"https:\/\/www.lived-space-lab.org\/stadterfinden\/wp-json\/wp\/v2\/categories?post=333"},{"taxonomy":"post_tag","embeddable":true,"href":"https:\/\/www.lived-space-lab.org\/stadterfinden\/wp-json\/wp\/v2\/tags?post=333"}],"curies":[{"name":"wp","href":"https:\/\/api.w.org\/{rel}","templated":true}]}}