{"id":195,"date":"2013-02-06T12:34:48","date_gmt":"2013-02-06T12:34:48","guid":{"rendered":"http:\/\/www.lived-space-lab.org\/stadterfinden\/?p=195"},"modified":"2013-02-16T13:50:17","modified_gmt":"2013-02-16T13:50:17","slug":"ms05-stasi-areal","status":"publish","type":"post","link":"https:\/\/www.lived-space-lab.org\/stadterfinden\/ms05-stasi-areal\/","title":{"rendered":"MS05 Stasi-Areal"},"content":{"rendered":"<p>Das ist ehemalige Versorgungsgeb\u00e4ude der Stasi.Nach der Wende wurde es als Congress-Centrum genutzt, aber es steht schon lange leer. Architektonisch interessant. Hier gab es bereits sehr hochwertige Kunstaktionen zum gesamten <a href=\"http:\/\/www.lived-space-lab.org\/stadterfinden\/?tag=stasi-areal\">Stasi-Areal<\/a>. Es mu\u0308ssten jedoch weitere Aktionen stattfinden, und ein weiterer Dialog oder vielleicht ein Beteiligungsverfahren zur zuk\u00fcnftigen Nutzung.<br \/>\nDie Freifl\u00e4che k\u00f6nnte an einen Fussweg angebunden werden, und gestalterisch an die fr\u00fchere Nutzung erinnern, als begehbares Mahnmal sozusagen.<\/p>\n<p><a href=\"http:\/\/www.lived-space-lab.org\/stadterfinden\/files\/2013\/02\/ms05_Stasiblock1.gif\"><img loading=\"lazy\" decoding=\"async\" class=\"alignnone size-full wp-image-197\" alt=\"ms05_Stasiblock\" src=\"http:\/\/www.lived-space-lab.org\/stadterfinden\/files\/2013\/02\/ms05_Stasiblock1.gif\" width=\"591\" height=\"443\" \/><\/a><\/p>\n","protected":false},"excerpt":{"rendered":"<p>Das ist ehemalige Versorgungsgeb\u00e4ude der Stasi.Nach der Wende wurde es als Congress-Centrum genutzt, aber es steht schon lange leer. Architektonisch interessant. Hier gab es bereits sehr hochwertige Kunstaktionen zum gesamten Stasi-Areal. Es mu\u0308ssten jedoch weitere Aktionen stattfinden, und ein weiterer Dialog oder vielleicht ein Beteiligungsverfahren zur zuk\u00fcnftigen Nutzung. Die Freifl\u00e4che k\u00f6nnte an einen Fussweg angebunden [&hellip;]<\/p>\n","protected":false},"author":1,"featured_media":197,"comment_status":"closed","ping_status":"closed","sticky":false,"template":"","format":"standard","meta":{"footnotes":""},"categories":[52,66,2,55],"tags":[76,27,73,25],"class_list":["post-195","post","type-post","status-publish","format-standard","has-post-thumbnail","hentry","category-liminale-raume","category-ms","category-orte","category-reprasentative-orte","tag-beteiligung","tag-gedenkstatte","tag-offentlicher-raum","tag-stasi-areal"],"_links":{"self":[{"href":"https:\/\/www.lived-space-lab.org\/stadterfinden\/wp-json\/wp\/v2\/posts\/195","targetHints":{"allow":["GET"]}}],"collection":[{"href":"https:\/\/www.lived-space-lab.org\/stadterfinden\/wp-json\/wp\/v2\/posts"}],"about":[{"href":"https:\/\/www.lived-space-lab.org\/stadterfinden\/wp-json\/wp\/v2\/types\/post"}],"author":[{"embeddable":true,"href":"https:\/\/www.lived-space-lab.org\/stadterfinden\/wp-json\/wp\/v2\/users\/1"}],"replies":[{"embeddable":true,"href":"https:\/\/www.lived-space-lab.org\/stadterfinden\/wp-json\/wp\/v2\/comments?post=195"}],"version-history":[{"count":3,"href":"https:\/\/www.lived-space-lab.org\/stadterfinden\/wp-json\/wp\/v2\/posts\/195\/revisions"}],"predecessor-version":[{"id":256,"href":"https:\/\/www.lived-space-lab.org\/stadterfinden\/wp-json\/wp\/v2\/posts\/195\/revisions\/256"}],"wp:featuredmedia":[{"embeddable":true,"href":"https:\/\/www.lived-space-lab.org\/stadterfinden\/wp-json\/wp\/v2\/media\/197"}],"wp:attachment":[{"href":"https:\/\/www.lived-space-lab.org\/stadterfinden\/wp-json\/wp\/v2\/media?parent=195"}],"wp:term":[{"taxonomy":"category","embeddable":true,"href":"https:\/\/www.lived-space-lab.org\/stadterfinden\/wp-json\/wp\/v2\/categories?post=195"},{"taxonomy":"post_tag","embeddable":true,"href":"https:\/\/www.lived-space-lab.org\/stadterfinden\/wp-json\/wp\/v2\/tags?post=195"}],"curies":[{"name":"wp","href":"https:\/\/api.w.org\/{rel}","templated":true}]}}