{"id":55,"date":"2014-08-13T09:21:04","date_gmt":"2014-08-13T09:21:04","guid":{"rendered":"http:\/\/www.lived-space-lab.org\/stadtbesetzen\/?p=55"},"modified":"2014-08-21T14:14:57","modified_gmt":"2014-08-21T14:14:57","slug":"01-picknick-am-nichtort","status":"publish","type":"post","link":"https:\/\/www.lived-space-lab.org\/stadtbesetzen\/?p=55","title":{"rendered":"01 Picknick am Nichtort"},"content":{"rendered":"<p lang=\"en-GB\" align=\"LEFT\"><strong>PICKNICK AM NICHTORT<\/strong><\/p>\n<p lang=\"en-GB\" align=\"LEFT\"><em>von\u00a0Carole Deslous-Paoli und\u00a0Noemi Barnet<\/em><\/p>\n<p>\u00a0<strong>Ute und Arthur unsere beiden lokalen Experten<\/strong><\/p>\n<p style=\"text-align: left\"><em>Ute<\/em> ist seit 2005 als Stra\u00dfensozialarbeiterin im Bezirk Alt-Lichtenberg t\u00e4tig.<br \/>\nEine ideale Expertin, finden wir, da sie aufgrund ihrer Arbeit vor allem im \u00f6ffentlichen Raum von Alt-Lichtenberg unterwegs ist und mit vielen Bewohnern aus dem Kiez in Kontakt kommt.<\/p>\n<p style=\"text-align: left\"><em>Arthur<\/em> studiert \u201eSoziale Arbeit\u201c und absolviert im Rahmen seines Studiums ein Praktikum in dem Jugendcafe \u201eMaggie\u201c in der Frankfurter Allee 205 in Lichtenberg.<\/p>\n<p style=\"text-align: left\"><em>Das Cafe Maggie<\/em> ist ein selbstverwaltetes Jugendcafe an der Frankfurter Allee. Es ist ein Ort der Begegnung und gibt jungen Leuten Raum f\u00fcr kreative Ideen, Konzerte, Lesungen und eine Kiezk\u00fcche. Den Sch\u00fclern und Studenten werden bezahlbare Getr\u00e4nke und Mahlzeiten angeboten.<\/p>\n<p style=\"text-align: left\"><a href=\"http:\/\/www.lived-space-lab.org\/stadtbesetzen\/files\/2014\/08\/01CN_NB_0011_low.jpg\"><img loading=\"lazy\" decoding=\"async\" class=\"alignnone  wp-image-107\" alt=\"01CN_NB_0011_low\" src=\"http:\/\/www.lived-space-lab.org\/stadtbesetzen\/files\/2014\/08\/01CN_NB_0011_low-1024x660.jpg\" width=\"717\" height=\"462\" srcset=\"https:\/\/www.lived-space-lab.org\/stadtbesetzen\/files\/2014\/08\/01CN_NB_0011_low-1024x660.jpg 1024w, https:\/\/www.lived-space-lab.org\/stadtbesetzen\/files\/2014\/08\/01CN_NB_0011_low-300x193.jpg 300w, https:\/\/www.lived-space-lab.org\/stadtbesetzen\/files\/2014\/08\/01CN_NB_0011_low.jpg 1587w\" sizes=\"auto, (max-width: 717px) 100vw, 717px\" \/><\/a><\/p>\n<p style=\"text-align: left\"><em>Ute und Arthur vom Caf\u00e9 Maggie\u00a0<\/em><\/p>\n<p style=\"text-align: left\"><strong>Ein Nichtort f\u00fcr ein Picknick<\/strong><\/p>\n<p style=\"text-align: left\"><strong><\/strong>An der Ecke Alfredstra\u00dfe und Frankfurter Allee liegt ein kleines, undefiniertes viereckiges Grundst\u00fcck, das mit einem niedrigen, verschn\u00f6rkelten Eisenzaun begrenzt ist. Warum haben wir diesen unscheinbaren Ort f\u00fcr unser Picknick gew\u00e4hlt? Er ist durch keine klare Identit\u00e4t, Relation oder eine Geschichte gekennzeichnet. Er ist ein \u201eNichtort\u201c.\u00a0Nach schweren Zerst\u00f6rungen im zweiten Weltkrieg wurden in der DDR Plattenbauten entlang der Frankfurter Allee errichtet. Diese Ecke ist wahrscheinlich unbebaut geblieben, weil das Grundst\u00fcck im vorgefertigte Raster \u00fcbrig blieb. Wir wollen diesem Ort auf die Spur kommen.<\/p>\n<p><a href=\"http:\/\/www.lived-space-lab.org\/stadtbesetzen\/files\/2014\/08\/01CN_NB_010_low.jpg\"><img loading=\"lazy\" decoding=\"async\" class=\"alignnone  wp-image-103\" alt=\"01CN_NB_010_low\" src=\"http:\/\/www.lived-space-lab.org\/stadtbesetzen\/files\/2014\/08\/01CN_NB_010_low.jpg\" width=\"717\" height=\"538\" srcset=\"https:\/\/www.lived-space-lab.org\/stadtbesetzen\/files\/2014\/08\/01CN_NB_010_low.jpg 1024w, https:\/\/www.lived-space-lab.org\/stadtbesetzen\/files\/2014\/08\/01CN_NB_010_low-300x225.jpg 300w\" sizes=\"auto, (max-width: 717px) 100vw, 717px\" \/><\/a><\/p>\n<p><em>\u00a0Ecke Alfredstra\u00dfe und Frankfurter Allee<\/em><\/p>\n<p><strong>Ein Picknick im Regen<\/strong><\/p>\n<p>Wir wollen den Ort besetzten indem wir<br \/>\nihn \u201ebegrillen\u201c. Doch es regnet. So richtig und durchg\u00e4ngig. Wir trotzen dem Regen mit Schirmen, einem Teppich, Getr\u00e4nken und Popcorn. Wir wollen den Ort kennen lernen und unsere Experten machen freundlicherweise mit. In unserer ersten Frage m\u00f6chten wir wissen, ob sie eine Geschichte mit unserem Picknickplatz verbindet.<\/p>\n<p><em>\u00abEine Geschichte zu diesem Ort? Schwierig. Ich bin hier noch nie durchgelaufen. Oder geblieben. Nur immer daran vorbei, er liegt auf meinem Heimweg zwischen dem Maggie und meiner U-Bahnstation. Eigentlich ist er mir nie aufgefallen obwohl ich t\u00e4glich vorbei gehe\u00bb, erz\u00e4hlt uns Arthur.<\/em><\/p>\n<p><a href=\"http:\/\/www.lived-space-lab.org\/stadtbesetzen\/files\/2014\/08\/01CN_NB_002_low.jpg\"><img loading=\"lazy\" decoding=\"async\" class=\"alignnone  wp-image-95\" alt=\"01CN_NB_002_low\" src=\"http:\/\/www.lived-space-lab.org\/stadtbesetzen\/files\/2014\/08\/01CN_NB_002_low.jpg\" width=\"717\" height=\"538\" srcset=\"https:\/\/www.lived-space-lab.org\/stadtbesetzen\/files\/2014\/08\/01CN_NB_002_low.jpg 1024w, https:\/\/www.lived-space-lab.org\/stadtbesetzen\/files\/2014\/08\/01CN_NB_002_low-300x225.jpg 300w\" sizes=\"auto, (max-width: 717px) 100vw, 717px\" \/><\/a><\/p>\n<p><em>Ein Picknick im Regen<\/em><\/p>\n<p>Eine Aneignung des Grundst\u00fccks erfolgt \u00fcber einen Weg, den sich die Anwohner gebahnt haben. Eine kleine Abk\u00fcrzung. Fast marginal ist die Einsparung an Metern. In der MItte stehen ein L\u00fcftungsrohr und der trostlose Rest einer Telefonzelle unter einem sch\u00f6nen Baum. Auch Ute fehlt ein Bezug zu diesem Ort. Normalerweise w\u00fcrde sie sich hier nicht hinsetzten wollen. Lachend meinte sie aber, dass unser besonderer Aufenthalt hier nun ihre Verbindung mit dem Platz herstellt. Arthur bemerkt dazu, dass es generell in Lichtenberg kaum gute Aufenthaltsm\u00f6glichkeiten im Au\u00dfenraum gibt. Besonders f\u00fcr Jugendliche. Zudem fehlt es an Spielpl\u00e4tzen oder sch\u00f6nen Sitzgelegenheiten. Dieser Ort hier hat Potenzial: Darin sind sich beide einig.<\/p>\n<p><em>\u00abFreifl\u00e4chen sind gut f\u00fcr einen Kiez. Es braucht Freir\u00e4ume f\u00fcr den Aufenthalt. Lichtenberg hat einige, aber sie k\u00f6nnten viel einladender sein. Orte, an denen die Anwohner nicht einfach vorbeilaufen.\u00bb<\/em><\/p>\n<p>Lichtenberg hat durch die Mischung von Altbau, 60er-Jahre-Geb\u00e4uden und Einfamilienh\u00e4usern viele Facetten. Es gibt verschiedene Initiativen, die den Bezirk positiv gestalten wollen, erz\u00e4hlt uns Ute.<\/p>\n<p><em>\u00abDie Leute hier k\u00e4mpfen gegen das rechte Image des Bezirkes. Er ver\u00e4ndert sich auch, da viele Familien und Studenten nach Lichtenberg ziehen. Durch die Sanierung und neue Wohnm\u00f6glichkeiten ist der Bezirk attraktiver geworden und zudem noch leistbarer als zum Beispiel Prenzlauer Berg.\u00bb<\/em><\/p>\n<p>Pl\u00f6tzlich ruft Ute, als sie nach oben blickt:<\/p>\n<p><em>\u00abEs h\u00e4ngen ja Schuhe im Baum. Mindestens sieben Paar! Irgendjemand hat dem Ort schon eine Geschichte gegeben.\u00bb<\/em><\/p>\n<p>Bei l\u00e4ngerem Aufenthalt gewinnt der Ort an Charakter.Doch w\u00e4hrend bereits die zweite Krankenwagensirene wieder leiser wird, f\u00fchlt man sich entmutigt, weiter positiv \u00fcber den Aufenthaltswert dieser Fl\u00e4che zu denken. Von morgens bis abends ist die Frankfurter Allee eine laute Stra\u00dfe. Ist es hier irgendwann attraktiv?<\/p>\n<p>Im Laufe des Fr\u00fchlings \u00fcberwachsen Pflanzen die Brache, und es entsteht ein wundersch\u00f6nes St\u00fcck Wiese. Fast k\u00f6nnte man die laute Stra\u00dfe dabei vergessen.<\/p>\n<p>&nbsp;<\/p>\n<p><a href=\"http:\/\/www.lived-space-lab.org\/stadtbesetzen\/files\/2014\/08\/01_PAN_CN_low-e1408624669727.jpg\"><img loading=\"lazy\" decoding=\"async\" class=\"alignnone  wp-image-139\" alt=\"01_PAN_CN_low\" src=\"http:\/\/www.lived-space-lab.org\/stadtbesetzen\/files\/2014\/08\/01_PAN_CN_low-e1408624669727.jpg\" width=\"634\" height=\"634\" srcset=\"https:\/\/www.lived-space-lab.org\/stadtbesetzen\/files\/2014\/08\/01_PAN_CN_low-e1408624669727.jpg 1321w, https:\/\/www.lived-space-lab.org\/stadtbesetzen\/files\/2014\/08\/01_PAN_CN_low-e1408624669727-150x150.jpg 150w, https:\/\/www.lived-space-lab.org\/stadtbesetzen\/files\/2014\/08\/01_PAN_CN_low-e1408624669727-300x300.jpg 300w, https:\/\/www.lived-space-lab.org\/stadtbesetzen\/files\/2014\/08\/01_PAN_CN_low-e1408624669727-1024x1024.jpg 1024w\" sizes=\"auto, (max-width: 634px) 100vw, 634px\" \/><\/a><\/p>\n<p><em>Kreispanorama des Picknickortes<\/em><\/p>\n<p><strong>Zum Objekt<\/strong><\/p>\n<p>Normalerweise verspricht ein Picknickort zumindest ein gewisses Ma\u00df an Idylle. Wer denkt da nicht an eine gr\u00fcne Wiese, ohne L\u00e4rm oder Motorenger\u00e4usch? Nicht so hier: Wir wollten uns dieses Restst\u00fcck aneignen. Eine unscheinbare Fl\u00e4che markieren, die von den meisten Passanten allenfalls als Abk\u00fcrzung genutzt, aber nicht als Ort wahrgenommen wird. Das offensichtlich Unsichtbare sichtbar zu machen, ist ein Versuch, einen Durchgangsort als Aufenthaltsraum aufzuzeigen. Wir bieten eine Sitzgelegenheit und eine Tauschbibliothek als Anfang.<\/p>\n<p><a href=\"http:\/\/www.lived-space-lab.org\/stadtbesetzen\/files\/2014\/08\/01CN_NB_003_low.jpg\"><img loading=\"lazy\" decoding=\"async\" class=\"alignnone  wp-image-130\" alt=\"01CN_NB_003_low\" src=\"http:\/\/www.lived-space-lab.org\/stadtbesetzen\/files\/2014\/08\/01CN_NB_003_low.jpg\" width=\"614\" height=\"408\" srcset=\"https:\/\/www.lived-space-lab.org\/stadtbesetzen\/files\/2014\/08\/01CN_NB_003_low.jpg 1023w, https:\/\/www.lived-space-lab.org\/stadtbesetzen\/files\/2014\/08\/01CN_NB_003_low-300x199.jpg 300w\" sizes=\"auto, (max-width: 614px) 100vw, 614px\" \/><\/a><\/p>\n<p><em>Der Transformierte Nichtort<\/em><\/p>\n<p><a href=\"http:\/\/www.lived-space-lab.org\/stadtbesetzen\/files\/2014\/08\/01CN_NB_007_low.jpg\"><img loading=\"lazy\" decoding=\"async\" class=\"alignnone  wp-image-132\" alt=\"01CN_NB_007_low\" src=\"http:\/\/www.lived-space-lab.org\/stadtbesetzen\/files\/2014\/08\/01CN_NB_007_low.jpg\" width=\"612\" height=\"408\" srcset=\"https:\/\/www.lived-space-lab.org\/stadtbesetzen\/files\/2014\/08\/01CN_NB_007_low.jpg 1020w, https:\/\/www.lived-space-lab.org\/stadtbesetzen\/files\/2014\/08\/01CN_NB_007_low-300x200.jpg 300w\" sizes=\"auto, (max-width: 612px) 100vw, 612px\" \/><\/a><\/p>\n<p><em>Beim Stadtspaziergang<\/em><\/p>\n<p><a href=\"http:\/\/www.lived-space-lab.org\/stadtbesetzen\/files\/2014\/08\/01CN_NB_012_low.jpg\"><img loading=\"lazy\" decoding=\"async\" class=\"alignnone  wp-image-143\" alt=\"01CN_NB_012_low\" src=\"http:\/\/www.lived-space-lab.org\/stadtbesetzen\/files\/2014\/08\/01CN_NB_012_low.jpg\" width=\"615\" height=\"922\" srcset=\"https:\/\/www.lived-space-lab.org\/stadtbesetzen\/files\/2014\/08\/01CN_NB_012_low.jpg 683w, https:\/\/www.lived-space-lab.org\/stadtbesetzen\/files\/2014\/08\/01CN_NB_012_low-200x300.jpg 200w\" sizes=\"auto, (max-width: 615px) 100vw, 615px\" \/><\/a><\/p>\n<p><em>Die Tauschbibliothek\u00a0\u00a0in der alten Telefonzelle<\/em><\/p>\n<p>&nbsp;<\/p>\n<p><strong>Carole Deslous-Paoli und\u00a0Noemi Barnet<\/strong><\/p>\n<p>Carole und Noemi sind Austauschstudentinnen aus Frankreich (Grenoble) und \u00d6sterreich (Wien). Sie sind bereits zum zweiten Mal mit dem lived\/space\/lab im Bezirk Lichtenberg unterwegs.<\/p>\n<p>&nbsp;<\/p>\n<p>&nbsp;<\/p>\n<p>&nbsp;<\/p>\n<p lang=\"en-GB\" style=\"text-align: left\" align=\"LEFT\"><span style=\"color: #000000\"><span style=\"font-family: 'Minion Pro'\"><span style=\"font-size: medium\"><span style=\"font-family: 'TSTAR Mono Round'\"><span>\u00a0<\/span><\/span><\/span><\/span><\/span><\/p>\n","protected":false},"excerpt":{"rendered":"<p>PICKNICK AM NICHTORT von\u00a0Carole Deslous-Paoli und\u00a0Noemi Barnet \u00a0Ute und Arthur unsere beiden lokalen Experten Ute&#8230;<\/p>\n","protected":false},"author":1,"featured_media":73,"comment_status":"closed","ping_status":"closed","sticky":false,"template":"","format":"standard","meta":{"footnotes":""},"categories":[1],"tags":[],"class_list":["post-55","post","type-post","status-publish","format-standard","has-post-thumbnail","hentry","category-uncategorized"],"_links":{"self":[{"href":"https:\/\/www.lived-space-lab.org\/stadtbesetzen\/index.php?rest_route=\/wp\/v2\/posts\/55","targetHints":{"allow":["GET"]}}],"collection":[{"href":"https:\/\/www.lived-space-lab.org\/stadtbesetzen\/index.php?rest_route=\/wp\/v2\/posts"}],"about":[{"href":"https:\/\/www.lived-space-lab.org\/stadtbesetzen\/index.php?rest_route=\/wp\/v2\/types\/post"}],"author":[{"embeddable":true,"href":"https:\/\/www.lived-space-lab.org\/stadtbesetzen\/index.php?rest_route=\/wp\/v2\/users\/1"}],"replies":[{"embeddable":true,"href":"https:\/\/www.lived-space-lab.org\/stadtbesetzen\/index.php?rest_route=%2Fwp%2Fv2%2Fcomments&post=55"}],"version-history":[{"count":59,"href":"https:\/\/www.lived-space-lab.org\/stadtbesetzen\/index.php?rest_route=\/wp\/v2\/posts\/55\/revisions"}],"predecessor-version":[{"id":81,"href":"https:\/\/www.lived-space-lab.org\/stadtbesetzen\/index.php?rest_route=\/wp\/v2\/posts\/55\/revisions\/81"}],"wp:featuredmedia":[{"embeddable":true,"href":"https:\/\/www.lived-space-lab.org\/stadtbesetzen\/index.php?rest_route=\/wp\/v2\/media\/73"}],"wp:attachment":[{"href":"https:\/\/www.lived-space-lab.org\/stadtbesetzen\/index.php?rest_route=%2Fwp%2Fv2%2Fmedia&parent=55"}],"wp:term":[{"taxonomy":"category","embeddable":true,"href":"https:\/\/www.lived-space-lab.org\/stadtbesetzen\/index.php?rest_route=%2Fwp%2Fv2%2Fcategories&post=55"},{"taxonomy":"post_tag","embeddable":true,"href":"https:\/\/www.lived-space-lab.org\/stadtbesetzen\/index.php?rest_route=%2Fwp%2Fv2%2Ftags&post=55"}],"curies":[{"name":"wp","href":"https:\/\/api.w.org\/{rel}","templated":true}]}}