{"id":52,"date":"2014-08-13T09:20:38","date_gmt":"2014-08-13T09:20:38","guid":{"rendered":"http:\/\/www.lived-space-lab.org\/stadtbesetzen\/?p=52"},"modified":"2014-08-21T14:16:30","modified_gmt":"2014-08-21T14:16:30","slug":"02-wilma19-oder-wie-ein-haus-eine-gruppe-findet","status":"publish","type":"post","link":"https:\/\/www.lived-space-lab.org\/stadtbesetzen\/?p=52","title":{"rendered":"02 WiLMa19 oder wie ein Haus eine Gruppe findet"},"content":{"rendered":"<p><strong>WILMA 19 ODER WIE EIN HAUS EINE GRUPPE FINDET<\/strong><\/p>\n<p><em>von Pola Buske und Anna Derriks<\/em><\/p>\n<p><strong>Lokaler\u2005\u2005Experte:\u00a0<\/strong>Andreas Neumann<\/p>\n<p>Die Decke ist ausgebreitet, die Speisen aufgetischt und die V\u00f6gel zwitschern, als Andi auf seinem Rad in den Hof rollt.<br \/>\nEr macht einen erfreuten Eindruck, als er uns und das Picknick sieht. Andi ist ein gro\u00dfer, sportlicher Mann mit einem aufgeschlossenen Blick, der gerade sein Diplom in Geo-\u00d6kologie macht. Au\u00dferdem engagiert er sich in einigen politischen Gruppen. Sp\u00e4ter verr\u00e4t er uns sein Alter:<br \/>\n<em>\u00abIch bin 29, was ziemlich genau dem Durchschnitt der Gruppe entspricht.\u00bb<\/em><\/p>\n<p><a href=\"http:\/\/www.lived-space-lab.org\/stadtbesetzen\/files\/2014\/08\/02PA_PB_001_low.jpg\"><img loading=\"lazy\" decoding=\"async\" class=\"alignnone size-full wp-image-148\" alt=\"02PA_PB_001_low\" src=\"http:\/\/www.lived-space-lab.org\/stadtbesetzen\/files\/2014\/08\/02PA_PB_001_low.jpg\" width=\"680\" height=\"1024\" srcset=\"https:\/\/www.lived-space-lab.org\/stadtbesetzen\/files\/2014\/08\/02PA_PB_001_low.jpg 680w, https:\/\/www.lived-space-lab.org\/stadtbesetzen\/files\/2014\/08\/02PA_PB_001_low-199x300.jpg 199w\" sizes=\"auto, (max-width: 680px) 100vw, 680px\" \/><\/a><\/p>\n<p>Die Gruppe, von der er spricht, ist die zuk\u00fcnftige Hausgemeinschaft der WiLMa 19, ein Hausprojekt in der Magdalenenstra\u00dfe in Lichtenberg. Die Gemeinschaft umfasst cirka 60 Menschen jeden Alters und mit den unterschiedlichsten Vorstellungen vom Leben im Haus.\u00a0Das Haus selbst entspricht nicht dem klassischen Bild eines Traumhauses, und es braucht einiges an Fantasie, um sich das Leben dieser Menschen dort vorzustellen. Warum das so ist wird klar, wenn man wei\u00df, dass es sich um einen Plattenbau handelt, der urspr\u00fcnglich die Zentrale\u00a0Auswertungs- und Informationsgruppe der Staatssicherheit beherbergte und einen kleinen Teil des gesamten ehemaligen Stasiareals ausmacht. Vor zwei Jahren kam das Angebot, dieses Geb\u00e4ude zu kaufen. Schnell fand sich eine Gruppe daf\u00fcr, und es fing ein langer Umwidmungsprozess an.<\/p>\n<p><em>\u00abSeitdem sind wir am Luftschl\u00f6sser-Malen. Anfang Mai haben wir erst den Schl\u00fcssel bekommen.\u00bb<\/em><\/p>\n<p>Damit ist der Startschuss gegeben, der Umbau und das Einleben in den Kiez k\u00f6nnen beginnen. Bislang besteht der Kontakt eher zu den politischen Organen: Andi ist Mitglied im FAN-Beirat Frankfurter Allee Nord, die Anwohner selber wollen noch kennen gelernt werden.<\/p>\n<p><a href=\"http:\/\/www.lived-space-lab.org\/stadtbesetzen\/files\/2014\/08\/02PA_PB_010.jpg\"><img loading=\"lazy\" decoding=\"async\" class=\"alignnone size-full wp-image-150\" alt=\"02PA_PB_010\" src=\"http:\/\/www.lived-space-lab.org\/stadtbesetzen\/files\/2014\/08\/02PA_PB_010.jpg\" width=\"1024\" height=\"724\" srcset=\"https:\/\/www.lived-space-lab.org\/stadtbesetzen\/files\/2014\/08\/02PA_PB_010.jpg 1024w, https:\/\/www.lived-space-lab.org\/stadtbesetzen\/files\/2014\/08\/02PA_PB_010-300x212.jpg 300w\" sizes=\"auto, (max-width: 1024px) 100vw, 1024px\" \/><\/a><\/p>\n<p><em>\u00abEs ist nat\u00fcrlich schwierig, eine Bindung an den Kiez zu bekommen und einen richtig intensiven Kontakt mit den Menschen zu haben, wenn wir hier erstmal nur bauen, weil es prim\u00e4r eine L\u00e4rmbel\u00e4stigung darstellt. Und dar\u00fcber miteinander in Ber\u00fchrung zu kommen, ist ein bisschen schade.\u00a0Aber gr\u00f6\u00dftenteils waren die Leute wahnsinnig offen, sind vorbeigekommen und haben gesagt, dass sie sich sehr freuen, dass jetzt diese leerstehenden Geb\u00e4ude wieder genutzt werden. Dass da Leute bauen und Pl\u00e4ne f\u00fcr die Gestaltung des Kiezes haben.\u00bb<\/em><\/p>\n<p>Pl\u00e4ne, die den Kiez einschlie\u00dfen, gibt es in der Tat. Das Erdgeschoss des Hauses wird sowohl B\u00fcror\u00e4ume f\u00fcr politische Initiativen als auch Freifl\u00e4chen f\u00fcr zuk\u00fcnftige Bed\u00fcrfnisse enthalten, und auch der Garten wird kein rein privater Ort werden.\u00a0Doch die Grenze zwischen \u00f6ffentlich und privat muss noch diskutiert werden:<\/p>\n<p><em>\u00abDas ist, glaube ich, noch nicht ganz klar. Wir m\u00fcssen schon deutlicher austarieren, was hier Privatbereich und was \u00f6ffentlicher Bereich ist. Das ist ja bei vielen Hausprojekten, die eine explizite \u00f6ffentliche Fl\u00e4che haben, ein Thema. Das wird bei uns sicherlich auch noch kommen, aber soweit sind wir nicht.\u00bb<br \/>\n<\/em><\/p>\n<p>Das Dach jedoch ist bereits jetzt ein Lieblingsort. Das Gef\u00fchl, das hier wir bekommen, ist, dass die Inbesitznahme schon stattgefunden hat.<br \/>\nIm Hof hingegen gibt es viele Dinge zu denen sich die Gruppe verhalten muss.<\/p>\n<p><em>\u00abEs gibt diesen Sanierungsrahmenplan, der vor-sieht, in f\u00fcnf Jahren den Innenhof zu entkernen und zu begr\u00fcnen.\u00bb<\/em><br \/>\n<em> Das macht es schwieriger, Pl\u00e4ne zu schmieden. Trotzdem steht der Garten auf der Priorit\u00e4tenliste ganz oben.<\/em><\/p>\n<p>&nbsp;<\/p>\n<p><a href=\"http:\/\/www.lived-space-lab.org\/stadtbesetzen\/files\/2014\/08\/02_PAN_PA_low.jpg\"><img loading=\"lazy\" decoding=\"async\" class=\"alignnone  wp-image-154\" alt=\"02_PAN_PA_low\" src=\"http:\/\/www.lived-space-lab.org\/stadtbesetzen\/files\/2014\/08\/02_PAN_PA_low-1024x1024.jpg\" width=\"614\" height=\"614\" srcset=\"https:\/\/www.lived-space-lab.org\/stadtbesetzen\/files\/2014\/08\/02_PAN_PA_low-1024x1024.jpg 1024w, https:\/\/www.lived-space-lab.org\/stadtbesetzen\/files\/2014\/08\/02_PAN_PA_low-150x150.jpg 150w, https:\/\/www.lived-space-lab.org\/stadtbesetzen\/files\/2014\/08\/02_PAN_PA_low-300x300.jpg 300w, https:\/\/www.lived-space-lab.org\/stadtbesetzen\/files\/2014\/08\/02_PAN_PA_low.jpg 1312w\" sizes=\"auto, (max-width: 614px) 100vw, 614px\" \/><\/a><\/p>\n<p>&nbsp;<\/p>\n<p><em>\u00a0Kreispanorama vom Picknickort<\/em><\/p>\n<p>&nbsp;<\/p>\n<p><strong>Zum Objekt\u00a0<\/strong><\/p>\n<p><strong><\/strong>Auf der Priorit\u00e4tenliste unserer Interviewpartner steht der Garten ganz oben,und auch der Bezirk w\u00fcnscht sich eine Begr\u00fcnung der H\u00f6fe innerhalb der\u00a0n\u00e4chsten Jahre. Momentan jedoch gibt es nur eine gro\u00dfe Asphaltfl\u00e4che, die sich weder zum\u00a0Sitzen noch zum Begr\u00fcnen besonders eignet.<\/p>\n<p><a href=\"http:\/\/www.lived-space-lab.org\/stadtbesetzen\/files\/2014\/08\/02PA_SH_011_low.jpg\"><img loading=\"lazy\" decoding=\"async\" class=\"alignnone size-full wp-image-156\" alt=\"02PA_SH_011_low\" src=\"http:\/\/www.lived-space-lab.org\/stadtbesetzen\/files\/2014\/08\/02PA_SH_011_low.jpg\" width=\"1014\" height=\"768\" srcset=\"https:\/\/www.lived-space-lab.org\/stadtbesetzen\/files\/2014\/08\/02PA_SH_011_low.jpg 1014w, https:\/\/www.lived-space-lab.org\/stadtbesetzen\/files\/2014\/08\/02PA_SH_011_low-300x227.jpg 300w\" sizes=\"auto, (max-width: 1014px) 100vw, 1014px\" \/><\/a><\/p>\n<p>Mit unserem Projekt wollten wir an diesem Punkt ansetzen und einen\u00a0kleinen Ausblick in die m\u00f6gliche Zukunft des Hofes geben. Damit soll der k\u00fcnftigen Hausgemeinschaft das Ankommen im neuen Haus und in der neuen Nachbarschaft etwas erleichtert werden.<\/p>\n<p><a href=\"http:\/\/www.lived-space-lab.org\/stadtbesetzen\/files\/2014\/08\/02PA_SH_012_low.jpg\"><img loading=\"lazy\" decoding=\"async\" class=\"alignnone size-large wp-image-157\" alt=\"02PA_SH_012_low\" src=\"http:\/\/www.lived-space-lab.org\/stadtbesetzen\/files\/2014\/08\/02PA_SH_012_low.jpg\" width=\"1014\" height=\"768\" srcset=\"https:\/\/www.lived-space-lab.org\/stadtbesetzen\/files\/2014\/08\/02PA_SH_012_low.jpg 1014w, https:\/\/www.lived-space-lab.org\/stadtbesetzen\/files\/2014\/08\/02PA_SH_012_low-300x227.jpg 300w\" sizes=\"auto, (max-width: 1014px) 100vw, 1014px\" \/><\/a><\/p>\n<p>Es sollten bepflanzte Sitzm\u00f6bel entstehen, die zugleich mobil sind, so\u00a0dass es m\u00f6glich ist, sie aus dem Hof auf die Stra\u00dfe zu rollen. Haupts\u00e4chlich stehen diese den zuk\u00fcnftigen Hausbewohnern zur Verf\u00fcgung, auf der Stra\u00dfe aber kann sich auch ein Nachbar ein wenig Thymian pfl\u00fccken oder eine kleine Rast einlegen.<\/p>\n<p><a href=\"http:\/\/www.lived-space-lab.org\/stadtbesetzen\/files\/2014\/08\/02PA_SH_007_low.jpg\"><img loading=\"lazy\" decoding=\"async\" class=\"alignnone size-full wp-image-159\" alt=\"02PA_SH_007_low\" src=\"http:\/\/www.lived-space-lab.org\/stadtbesetzen\/files\/2014\/08\/02PA_SH_007_low.jpg\" width=\"1024\" height=\"576\" srcset=\"https:\/\/www.lived-space-lab.org\/stadtbesetzen\/files\/2014\/08\/02PA_SH_007_low.jpg 1024w, https:\/\/www.lived-space-lab.org\/stadtbesetzen\/files\/2014\/08\/02PA_SH_007_low-300x168.jpg 300w, https:\/\/www.lived-space-lab.org\/stadtbesetzen\/files\/2014\/08\/02PA_SH_007_low-640x360.jpg 640w\" sizes=\"auto, (max-width: 1024px) 100vw, 1024px\" \/><\/a><\/p>\n<p>&nbsp;<\/p>\n<p><a href=\"http:\/\/www.lived-space-lab.org\/stadtbesetzen\/files\/2014\/08\/02PA_JK_004_low.jpg\"><img loading=\"lazy\" decoding=\"async\" class=\"alignnone size-full wp-image-162\" alt=\"02PA_JK_004_low\" src=\"http:\/\/www.lived-space-lab.org\/stadtbesetzen\/files\/2014\/08\/02PA_JK_004_low.jpg\" width=\"1024\" height=\"682\" srcset=\"https:\/\/www.lived-space-lab.org\/stadtbesetzen\/files\/2014\/08\/02PA_JK_004_low.jpg 1024w, https:\/\/www.lived-space-lab.org\/stadtbesetzen\/files\/2014\/08\/02PA_JK_004_low-300x199.jpg 300w\" sizes=\"auto, (max-width: 1024px) 100vw, 1024px\" \/><\/a><\/p>\n","protected":false},"excerpt":{"rendered":"<p>WILMA 19 ODER WIE EIN HAUS EINE GRUPPE FINDET von Pola Buske und Anna Derriks&#8230;<\/p>\n","protected":false},"author":1,"featured_media":149,"comment_status":"closed","ping_status":"closed","sticky":false,"template":"","format":"standard","meta":{"footnotes":""},"categories":[1],"tags":[],"class_list":["post-52","post","type-post","status-publish","format-standard","has-post-thumbnail","hentry","category-uncategorized"],"_links":{"self":[{"href":"https:\/\/www.lived-space-lab.org\/stadtbesetzen\/index.php?rest_route=\/wp\/v2\/posts\/52","targetHints":{"allow":["GET"]}}],"collection":[{"href":"https:\/\/www.lived-space-lab.org\/stadtbesetzen\/index.php?rest_route=\/wp\/v2\/posts"}],"about":[{"href":"https:\/\/www.lived-space-lab.org\/stadtbesetzen\/index.php?rest_route=\/wp\/v2\/types\/post"}],"author":[{"embeddable":true,"href":"https:\/\/www.lived-space-lab.org\/stadtbesetzen\/index.php?rest_route=\/wp\/v2\/users\/1"}],"replies":[{"embeddable":true,"href":"https:\/\/www.lived-space-lab.org\/stadtbesetzen\/index.php?rest_route=%2Fwp%2Fv2%2Fcomments&post=52"}],"version-history":[{"count":13,"href":"https:\/\/www.lived-space-lab.org\/stadtbesetzen\/index.php?rest_route=\/wp\/v2\/posts\/52\/revisions"}],"predecessor-version":[{"id":147,"href":"https:\/\/www.lived-space-lab.org\/stadtbesetzen\/index.php?rest_route=\/wp\/v2\/posts\/52\/revisions\/147"}],"wp:featuredmedia":[{"embeddable":true,"href":"https:\/\/www.lived-space-lab.org\/stadtbesetzen\/index.php?rest_route=\/wp\/v2\/media\/149"}],"wp:attachment":[{"href":"https:\/\/www.lived-space-lab.org\/stadtbesetzen\/index.php?rest_route=%2Fwp%2Fv2%2Fmedia&parent=52"}],"wp:term":[{"taxonomy":"category","embeddable":true,"href":"https:\/\/www.lived-space-lab.org\/stadtbesetzen\/index.php?rest_route=%2Fwp%2Fv2%2Fcategories&post=52"},{"taxonomy":"post_tag","embeddable":true,"href":"https:\/\/www.lived-space-lab.org\/stadtbesetzen\/index.php?rest_route=%2Fwp%2Fv2%2Ftags&post=52"}],"curies":[{"name":"wp","href":"https:\/\/api.w.org\/{rel}","templated":true}]}}