{"id":50,"date":"2014-08-13T09:19:37","date_gmt":"2014-08-13T09:19:37","guid":{"rendered":"http:\/\/www.lived-space-lab.org\/stadtbesetzen\/?p=50"},"modified":"2014-08-21T15:26:01","modified_gmt":"2014-08-21T15:26:01","slug":"03-belen-albane","status":"publish","type":"post","link":"https:\/\/www.lived-space-lab.org\/stadtbesetzen\/?p=50","title":{"rendered":"03 Lichtenberg durch alle Zeiten"},"content":{"rendered":"<p><strong>LICHTENBERG DURCH ALLE ZEITEN<\/strong><\/p>\n<p><em>von\u00a0Belen de Pedro und Albane de la Villegeorge<\/em><\/p>\n<p><em><\/em><strong>Lokale\u2005\u2005Expertin:<\/strong> Dagmar Fritzsche<\/p>\n<p>Frau Fritzsche lebt schon immer in Lichtenberg. Sie ist jetzt 65 Jahre alt und k\u00f6nnte wohnen, wo sie m\u00f6chte, aber ihr gef\u00e4llt Lichtenberg sehr und sie hat nicht vor, in der Zukunft umzuziehen.Ihr Vater stammt auch aus Lichtenberg, und seine Frau, die aus dem Westen kommt, ist mit ihm hier hergezogen, um eine Familie zu gr\u00fcnden.\u00a0Frau Fritzsche hat auch in Lichtenberg geheiratet, aber hat sich sp\u00e4ter scheiden lassen. Deswegen erweckt das Rathaus Lichtenberg, wo das ganze passiert ist, viele Erinnerungen.\u00a0Frau Fritzsches Tochter lebt heute in einer kleinen Stadt in West-Deutschland. Ihr gef\u00e4llt Lichtenberg nicht so sehr, und sie k\u00f6nnte sich nicht vorstellen, dort zu leben; so wie ihre Mutter nie in dieser Stadt wohnen w\u00fcrde.\u00a0Heute ist sie in politischen Fragen im Bezirk sehr engagiert und deswegen eine perfekte Expertin gewesen.<\/p>\n<p><strong><a href=\"http:\/\/www.lived-space-lab.org\/stadtbesetzen\/files\/2014\/08\/03AB_AB_001_low-2.jpg\"><img loading=\"lazy\" decoding=\"async\" class=\"alignnone  wp-image-201\" alt=\"03AB_AB_001_low-2\" src=\"http:\/\/www.lived-space-lab.org\/stadtbesetzen\/files\/2014\/08\/03AB_AB_001_low-2.jpg\" width=\"919\" height=\"216\" \/><\/a><\/strong><\/p>\n<p><em>Wir haben einen Spaziergang mit Frau Fritzsche gemacht, wo wir Aspekte der Vergangenheit, Gegenwart und Zukunft Lichtenbergs entdeckten.<\/em><\/p>\n<p><strong>Vergangenheit<\/strong><\/p>\n<p><strong><\/strong>Wir haben den Spaziergang mit dem Stasi-Areal angefangen: hier hat sich Frau Fritzsche direkt an die Zeit erinnert, wo sie dieses Gebiet nicht betreten durfte. Eigentlich gefiel ihr das Leben in der DDR gut: es gab Disziplin, alle hatten Arbeit&#8230;Das einzige Mal, wo sie richtig gef\u00fchlt hat, dass es eine Diktatur war, ist gewesen, als der Vater ihrer Mutter im Westteil von Berlin starb: es gab keine M\u00f6glichkeit, zu seiner Beerdigung zu gehen. Sonst hatte sie nie das Bed\u00fcrfnis, den Bezirk zu verlassen. \u00a0Nach Frau Fritzsches Meinung haben, nur K\u00fcnstler, die reisen wollten und \u00e4rzte, die weitere Medikamente brauchten unter der Diktatur gelitten.<\/p>\n<p><strong>Gegenwart<\/strong><\/p>\n<p>Frau Fritzsche findet es schade, dass alle einen so schlechten Eindruck von der DDR haben.<\/p>\n<p><em>\u00abWir vermissen die Disziplin, die wir\u00a0<\/em><em>in der DDR hatten. Wenn man heute die Jugendlichen anguckt: Alle wachen erst\u00a0<\/em><em>um zw\u00f6lf auf&#8230;\u00bb<\/em><\/p>\n<p>Heute versucht sie, das Leben in Lichtenberg zu verbessern. Im Bezirk k\u00f6nnen alle mitreden, um physische oder politische Ver\u00e4nderungen zu erreichen.<\/p>\n<p><strong>Zukunft<\/strong><\/p>\n<p>Frau Fritzsche hat uns von verschiedenen Projekten erz\u00e4hlt, die das Bezirksamt gerne durchf\u00fchren m\u00f6chte. Sie nimmt n\u00e4mlich daran Teil und hilft, solche Entscheidungen zu treffen. Weil die Berliner Bev\u00f6lkerung immer \u00e4lter wird, unterst\u00fctzt der Bezirk ein Wohnprojekt, wo Jugendliche und \u00e4ltere Menschen zusammen leben und sich gegenseitig behilflich sein k\u00f6nnen. Au\u00dferdem gibt es Projekte, um die Parks neu zu gestalten und besser zu beleuchten. Der Alte Friedhof in der RuschestraBe, der jetzt als Park gilt, gef\u00e4llt ihr besonders gut. Aber in der Nacht ist es immer ein bisschen gruselig, in einem Friedhof spazieren zu gehen, besonders mit zu wenig Licht.<\/p>\n<p><strong>\u00a0<\/strong><\/p>\n<p><a href=\"http:\/\/www.lived-space-lab.org\/stadtbesetzen\/files\/2014\/08\/03_PAN_AB_low.jpg\"><img loading=\"lazy\" decoding=\"async\" class=\"alignnone  wp-image-190\" alt=\"03_PAN_AB_low\" src=\"http:\/\/www.lived-space-lab.org\/stadtbesetzen\/files\/2014\/08\/03_PAN_AB_low-1024x1024.jpg\" width=\"614\" height=\"614\" srcset=\"https:\/\/www.lived-space-lab.org\/stadtbesetzen\/files\/2014\/08\/03_PAN_AB_low-1024x1024.jpg 1024w, https:\/\/www.lived-space-lab.org\/stadtbesetzen\/files\/2014\/08\/03_PAN_AB_low-150x150.jpg 150w, https:\/\/www.lived-space-lab.org\/stadtbesetzen\/files\/2014\/08\/03_PAN_AB_low-300x300.jpg 300w, https:\/\/www.lived-space-lab.org\/stadtbesetzen\/files\/2014\/08\/03_PAN_AB_low.jpg 1417w\" sizes=\"auto, (max-width: 614px) 100vw, 614px\" \/><\/a><\/p>\n<p><em>Kreispanorama des Interventionsortes<\/em><\/p>\n<p><strong>Zum Objekt<\/strong><\/p>\n<p>Wir w\u00fcrden deshalb gerne eine Art H\u00e4ngematte aus Schn\u00fcren bauen, am Eingang des Friedshofs, um Neugierige anzuziehen.<\/p>\n<p><a href=\"http:\/\/www.lived-space-lab.org\/stadtbesetzen\/files\/2014\/08\/03AB_SH_017.jpg\"><img loading=\"lazy\" decoding=\"async\" class=\"alignnone size-full wp-image-198\" alt=\"03AB_SH_017\" src=\"http:\/\/www.lived-space-lab.org\/stadtbesetzen\/files\/2014\/08\/03AB_SH_017.jpg\" width=\"1014\" height=\"768\" srcset=\"https:\/\/www.lived-space-lab.org\/stadtbesetzen\/files\/2014\/08\/03AB_SH_017.jpg 1014w, https:\/\/www.lived-space-lab.org\/stadtbesetzen\/files\/2014\/08\/03AB_SH_017-300x227.jpg 300w\" sizes=\"auto, (max-width: 1014px) 100vw, 1014px\" \/><\/a><\/p>\n<p><em>Bau der H\u00e4ngematte<\/em><\/p>\n<p><a href=\"http:\/\/www.lived-space-lab.org\/stadtbesetzen\/files\/2014\/08\/03AB_SH_016_low.jpg\"><img loading=\"lazy\" decoding=\"async\" class=\"alignnone size-full wp-image-192\" alt=\"03AB_SH_016_low\" src=\"http:\/\/www.lived-space-lab.org\/stadtbesetzen\/files\/2014\/08\/03AB_SH_016_low.jpg\" width=\"1014\" height=\"768\" srcset=\"https:\/\/www.lived-space-lab.org\/stadtbesetzen\/files\/2014\/08\/03AB_SH_016_low.jpg 1014w, https:\/\/www.lived-space-lab.org\/stadtbesetzen\/files\/2014\/08\/03AB_SH_016_low-300x227.jpg 300w\" sizes=\"auto, (max-width: 1014px) 100vw, 1014px\" \/><\/a><\/p>\n<p>&nbsp;<\/p>\n<p><a href=\"http:\/\/www.lived-space-lab.org\/stadtbesetzen\/files\/2014\/08\/03AB_AB_002_low.jpg\"><img loading=\"lazy\" decoding=\"async\" class=\"alignnone size-full wp-image-188\" alt=\"03AB_AB_002_low\" src=\"http:\/\/www.lived-space-lab.org\/stadtbesetzen\/files\/2014\/08\/03AB_AB_002_low.jpg\" width=\"1024\" height=\"576\" srcset=\"https:\/\/www.lived-space-lab.org\/stadtbesetzen\/files\/2014\/08\/03AB_AB_002_low.jpg 1024w, https:\/\/www.lived-space-lab.org\/stadtbesetzen\/files\/2014\/08\/03AB_AB_002_low-300x168.jpg 300w, https:\/\/www.lived-space-lab.org\/stadtbesetzen\/files\/2014\/08\/03AB_AB_002_low-640x360.jpg 640w\" sizes=\"auto, (max-width: 1024px) 100vw, 1024px\" \/><\/a><\/p>\n<p>&nbsp;<\/p>\n<p><strong>Belen de Pedro und Albane de la Villegeorges<\/strong><\/p>\n<p>Sind zwei Erasmus-Studentinnen der Udk, im Studiengang Architektur. Belen kommt aus Barcelona (Spanien) und Albane aus Paris (Frankreich). Deswegen kennen wir nicht genau die Vorurteile, die einige Berliner offenbar \u00fcber Lichtenberg haben. Es war also besonders interessant, alles durch Frau Fritzsches Ansicht zu h\u00f6ren.<\/p>\n<p>&nbsp;<\/p>\n<p>&nbsp;<\/p>\n","protected":false},"excerpt":{"rendered":"<p>LICHTENBERG DURCH ALLE ZEITEN von\u00a0Belen de Pedro und Albane de la Villegeorge Lokale\u2005\u2005Expertin: Dagmar Fritzsche&#8230;<\/p>\n","protected":false},"author":1,"featured_media":194,"comment_status":"closed","ping_status":"closed","sticky":false,"template":"","format":"standard","meta":{"footnotes":""},"categories":[1],"tags":[],"class_list":["post-50","post","type-post","status-publish","format-standard","has-post-thumbnail","hentry","category-uncategorized"],"_links":{"self":[{"href":"https:\/\/www.lived-space-lab.org\/stadtbesetzen\/index.php?rest_route=\/wp\/v2\/posts\/50","targetHints":{"allow":["GET"]}}],"collection":[{"href":"https:\/\/www.lived-space-lab.org\/stadtbesetzen\/index.php?rest_route=\/wp\/v2\/posts"}],"about":[{"href":"https:\/\/www.lived-space-lab.org\/stadtbesetzen\/index.php?rest_route=\/wp\/v2\/types\/post"}],"author":[{"embeddable":true,"href":"https:\/\/www.lived-space-lab.org\/stadtbesetzen\/index.php?rest_route=\/wp\/v2\/users\/1"}],"replies":[{"embeddable":true,"href":"https:\/\/www.lived-space-lab.org\/stadtbesetzen\/index.php?rest_route=%2Fwp%2Fv2%2Fcomments&post=50"}],"version-history":[{"count":19,"href":"https:\/\/www.lived-space-lab.org\/stadtbesetzen\/index.php?rest_route=\/wp\/v2\/posts\/50\/revisions"}],"predecessor-version":[{"id":165,"href":"https:\/\/www.lived-space-lab.org\/stadtbesetzen\/index.php?rest_route=\/wp\/v2\/posts\/50\/revisions\/165"}],"wp:featuredmedia":[{"embeddable":true,"href":"https:\/\/www.lived-space-lab.org\/stadtbesetzen\/index.php?rest_route=\/wp\/v2\/media\/194"}],"wp:attachment":[{"href":"https:\/\/www.lived-space-lab.org\/stadtbesetzen\/index.php?rest_route=%2Fwp%2Fv2%2Fmedia&parent=50"}],"wp:term":[{"taxonomy":"category","embeddable":true,"href":"https:\/\/www.lived-space-lab.org\/stadtbesetzen\/index.php?rest_route=%2Fwp%2Fv2%2Fcategories&post=50"},{"taxonomy":"post_tag","embeddable":true,"href":"https:\/\/www.lived-space-lab.org\/stadtbesetzen\/index.php?rest_route=%2Fwp%2Fv2%2Ftags&post=50"}],"curies":[{"name":"wp","href":"https:\/\/api.w.org\/{rel}","templated":true}]}}