{"id":48,"date":"2014-08-13T09:19:09","date_gmt":"2014-08-13T09:19:09","guid":{"rendered":"http:\/\/www.lived-space-lab.org\/stadtbesetzen\/?p=48"},"modified":"2014-08-21T17:03:40","modified_gmt":"2014-08-21T17:03:40","slug":"04-strasenpicknick","status":"publish","type":"post","link":"https:\/\/www.lived-space-lab.org\/stadtbesetzen\/?p=48","title":{"rendered":"04 Stra\u00dfenpicknick"},"content":{"rendered":"<p><strong>STRA\u00dfENPICKNICK<\/strong><\/p>\n<p><em>von Maja Dika und Julius Klaus<\/em><\/p>\n<p><strong>Lokale\u2005\u2005Experten: <\/strong>Caf\u00e9 Pinut<\/p>\n<p>Nachdem sie eine Familie gegr\u00fcndet hatten, sind die Inhaber des Caf\u00e9 Pinut vor zehn Jahren aus Friedrichshain nach Lichtenberg gezogen, da eine gr\u00f6\u00dfere Wohnung ben\u00f6tigt wurde. Sie haben dann im November letzen Jahres ihr Caf\u00e9 im Kiez er\u00f6ffnet, welches sie als eine Art \u00f6ffentliches Wohnzimmer betrachten. Sie nutzen diesen Ort nun, um kontinuierlich Festivit\u00e4ten wie Wohnzimmerkonzerte oder Workshops f\u00fcr Kinder abzuhalten und den Kiez n\u00e4her zusammenzubringen.<\/p>\n<p><a href=\"http:\/\/www.lived-space-lab.org\/stadtbesetzen\/files\/2014\/08\/04MJ_JK_009.jpg\"><img loading=\"lazy\" decoding=\"async\" class=\"alignnone size-full wp-image-226\" alt=\"04MJ_JK_009\" src=\"http:\/\/www.lived-space-lab.org\/stadtbesetzen\/files\/2014\/08\/04MJ_JK_009.jpg\" width=\"1024\" height=\"636\" srcset=\"https:\/\/www.lived-space-lab.org\/stadtbesetzen\/files\/2014\/08\/04MJ_JK_009.jpg 1024w, https:\/\/www.lived-space-lab.org\/stadtbesetzen\/files\/2014\/08\/04MJ_JK_009-300x186.jpg 300w\" sizes=\"auto, (max-width: 1024px) 100vw, 1024px\" \/><\/a><\/p>\n<p>&nbsp;<\/p>\n<p>Bei der Erkundung des Sanierungsgebiets Frankfurter Allee Nord ist Julius durch ein Wohnzimmerkonzert auf die Inhaber des Caf\u00e9 Pinut aufmerksam geworden. Diese haben direkt starkes Interesse an dem Projekt gezeigt, da sie selbst den urbanen Raum mit ihrem Caf\u00e9 bereichern m\u00f6chten. W\u00e4hrend des Picknicks direkt vor dem Caf\u00e9 erz\u00e4hlten sie uns, dass sie wie viele andere neu gegr\u00fcndete Familien vor zehn Jahren aus Friedrichshain hierher gezogen sind und seither erleben, wie sich der Kiez ver\u00e4ndert. Anfangs f\u00fchlten sie sich recht deplatziert, doch inzwischen f\u00fchlen sie sich wohler, denn mittlerweile pr\u00e4gen immer mehr junge Leute und junge Familien das Kiezbild, was eine angenehmere Atmosph\u00e4re schafft. Stark sp\u00fcrbar ist auch der Zuzug vieler Ruhe- und Wohnungsbed\u00fcrftiger aus dem Friedrichshain. Da der Kiez bis dato allerdings nicht viel zu bieten hatte, er\u00f6ffneten sie im November 2013 das Caf\u00e9 Pinut, das sich aktuell zum Dreh- und Angelpunkt der Kiezaktivit\u00e4ten entwickelt, da es recht zentral in einer\u00a0\u201eDurchlaufzone\u201c liegt. Es stellt f\u00fcr seine Inhaber eine Art erweitertes Wohnzimmer dar, einen Ort der Entschleunigung, an dem man sich wohlf\u00fchlen und entspannen soll. Dank des Caf\u00e9s sind sie mit ihrer n\u00e4heren und weiteren Umgebung st\u00e4rker in Kontakt gekommen und haben so zum Beispiel schon oft die Bewohnerschaft ihres Hauses im Caf\u00e9 versammelt. Zusammen sind sie bereits aktiv geworden und haben Mittel aus dem Kiezfonds beantragt, um ihren Hinterhof zu sanieren und darin ein Hoffest veranstalten zu k\u00f6nnen.<\/p>\n<p><a href=\"http:\/\/www.lived-space-lab.org\/stadtbesetzen\/files\/2014\/08\/04MJ_JK013.jpg\"><img loading=\"lazy\" decoding=\"async\" class=\"alignnone size-full wp-image-227\" alt=\"04MJ_JK013\" src=\"http:\/\/www.lived-space-lab.org\/stadtbesetzen\/files\/2014\/08\/04MJ_JK013.jpg\" width=\"1024\" height=\"373\" srcset=\"https:\/\/www.lived-space-lab.org\/stadtbesetzen\/files\/2014\/08\/04MJ_JK013.jpg 1024w, https:\/\/www.lived-space-lab.org\/stadtbesetzen\/files\/2014\/08\/04MJ_JK013-300x109.jpg 300w\" sizes=\"auto, (max-width: 1024px) 100vw, 1024px\" \/><\/a><\/p>\n<p>W\u00e4hrend unseres Picknicks haben wir das schon daran bemerkt, dass sie fast jeden Vorbeigehenden gr\u00fc\u00dften.<br \/>\n<em><\/em><\/p>\n<p><em>\u00bbMan hat das fr\u00fcher irgendwie nicht beachtet. Die Leute waren auch da, und man hat sie auch gesehen, aber ich glaube nicht wahrgenommen.\u00ab<\/em> \u2013 \u00fcber die Bekanntschaft mit den Bewohnern im Kiez<br \/>\n<em>\u00bbIch bin fest davon \u00fcberzeugt, das es in zwei, drei Jahren hier ganz anders aussieht. Ich glaube, Potenzial w\u00e4re da. Es ist halt schwierig am Anfang.\u00ab<\/em> \u2013 \u00fcber die Lokale im Kiez<\/p>\n<p>Stark bem\u00e4ngelt wurde vor allem das Fehlen von Sitzgelegenheiten, die zum Verweilen einladen. So huschen die Leute am Caf\u00e9 eher vorbei und bleiben wenig stehen. Ihre weiteren Hoffnungen und W\u00fcnsche f\u00fcr den Kiez sind noch ein sch\u00f6nes Restaurant, wo man ein Gl\u00e4schen Wein trinken kann, und eine Eisdiele fehlt ihnen auch.<\/p>\n<p><em>\u00bbWenn das kein anderer macht, dann\u00a0<\/em>machen wir das.\u00ab \u2013 \u00fcber die Motivation, Projekte zu machen<\/p>\n<p>\u00bbIn den letzten paar Monaten hat sich herauskristallisiert, dass wir wirklich eine soziale Verantwortung bekommen haben.\u00ab<br \/>\n\u00bbDas klingt so altmodisch, oder?\u00ab<br \/>\n\u00bbNein nicht altmodisch, weil ein paar Leute einfach hergekommen sind und gesagt haben: \u203aAh sch\u00f6n, dass ihr das endlich macht!\u2039\u2005\u00ab<\/p>\n<p><a href=\"http:\/\/www.lived-space-lab.org\/stadtbesetzen\/files\/2014\/08\/04_PAN_MJ_low.jpg\"><img loading=\"lazy\" decoding=\"async\" class=\"alignnone  wp-image-228\" alt=\"04_PAN_MJ_low\" src=\"http:\/\/www.lived-space-lab.org\/stadtbesetzen\/files\/2014\/08\/04_PAN_MJ_low-946x1024.jpg\" width=\"682\" height=\"737\" srcset=\"https:\/\/www.lived-space-lab.org\/stadtbesetzen\/files\/2014\/08\/04_PAN_MJ_low-946x1024.jpg 946w, https:\/\/www.lived-space-lab.org\/stadtbesetzen\/files\/2014\/08\/04_PAN_MJ_low-277x300.jpg 277w, https:\/\/www.lived-space-lab.org\/stadtbesetzen\/files\/2014\/08\/04_PAN_MJ_low.jpg 1546w\" sizes=\"auto, (max-width: 682px) 100vw, 682px\" \/><\/a><\/p>\n<p><em id=\"__mceDel\"><em>Kreispanorama am Picknickort<\/em><\/em><\/p>\n<p>&nbsp;<\/p>\n<p>&nbsp;<\/p>\n<p>&nbsp;<\/p>\n<p><strong><a href=\"http:\/\/www.lived-space-lab.org\/stadtbesetzen\/files\/2014\/08\/04MJ_JK_008_low.jpg\"><img loading=\"lazy\" decoding=\"async\" class=\"alignnone size-full wp-image-230\" alt=\"04MJ_JK_008_low\" src=\"http:\/\/www.lived-space-lab.org\/stadtbesetzen\/files\/2014\/08\/04MJ_JK_008_low.jpg\" width=\"1024\" height=\"683\" srcset=\"https:\/\/www.lived-space-lab.org\/stadtbesetzen\/files\/2014\/08\/04MJ_JK_008_low.jpg 1024w, https:\/\/www.lived-space-lab.org\/stadtbesetzen\/files\/2014\/08\/04MJ_JK_008_low-300x200.jpg 300w\" sizes=\"auto, (max-width: 1024px) 100vw, 1024px\" \/><\/a><\/strong><em id=\"__mceDel\">\u00a0<\/em><\/p>\n<p><a href=\"http:\/\/www.lived-space-lab.org\/stadtbesetzen\/files\/2014\/08\/04MJ_SH_004_low.jpg\"><img loading=\"lazy\" decoding=\"async\" class=\"alignnone size-full wp-image-231\" alt=\"04MJ_SH_004_low\" src=\"http:\/\/www.lived-space-lab.org\/stadtbesetzen\/files\/2014\/08\/04MJ_SH_004_low.jpg\" width=\"1024\" height=\"576\" srcset=\"https:\/\/www.lived-space-lab.org\/stadtbesetzen\/files\/2014\/08\/04MJ_SH_004_low.jpg 1024w, https:\/\/www.lived-space-lab.org\/stadtbesetzen\/files\/2014\/08\/04MJ_SH_004_low-300x168.jpg 300w, https:\/\/www.lived-space-lab.org\/stadtbesetzen\/files\/2014\/08\/04MJ_SH_004_low-640x360.jpg 640w\" sizes=\"auto, (max-width: 1024px) 100vw, 1024px\" \/><\/a><em id=\"__mceDel\">\u00a0<\/em><\/p>\n<p><a href=\"http:\/\/www.lived-space-lab.org\/stadtbesetzen\/files\/2014\/08\/04MJ_JK_003_low.jpg\"><img loading=\"lazy\" decoding=\"async\" class=\"alignnone size-full wp-image-232\" alt=\"04MJ_JK_003_low\" src=\"http:\/\/www.lived-space-lab.org\/stadtbesetzen\/files\/2014\/08\/04MJ_JK_003_low.jpg\" width=\"1021\" height=\"768\" srcset=\"https:\/\/www.lived-space-lab.org\/stadtbesetzen\/files\/2014\/08\/04MJ_JK_003_low.jpg 1021w, https:\/\/www.lived-space-lab.org\/stadtbesetzen\/files\/2014\/08\/04MJ_JK_003_low-300x225.jpg 300w\" sizes=\"auto, (max-width: 1021px) 100vw, 1021px\" \/><\/a><\/p>\n<p>&nbsp;<\/p>\n<p>&nbsp;<\/p>\n<p>&nbsp;<\/p>\n","protected":false},"excerpt":{"rendered":"<p>STRA\u00dfENPICKNICK von Maja Dika und Julius Klaus Lokale\u2005\u2005Experten: Caf\u00e9 Pinut Nachdem sie eine Familie gegr\u00fcndet&#8230;<\/p>\n","protected":false},"author":1,"featured_media":224,"comment_status":"closed","ping_status":"closed","sticky":false,"template":"","format":"standard","meta":{"footnotes":""},"categories":[1],"tags":[],"class_list":["post-48","post","type-post","status-publish","format-standard","has-post-thumbnail","hentry","category-uncategorized"],"_links":{"self":[{"href":"https:\/\/www.lived-space-lab.org\/stadtbesetzen\/index.php?rest_route=\/wp\/v2\/posts\/48","targetHints":{"allow":["GET"]}}],"collection":[{"href":"https:\/\/www.lived-space-lab.org\/stadtbesetzen\/index.php?rest_route=\/wp\/v2\/posts"}],"about":[{"href":"https:\/\/www.lived-space-lab.org\/stadtbesetzen\/index.php?rest_route=\/wp\/v2\/types\/post"}],"author":[{"embeddable":true,"href":"https:\/\/www.lived-space-lab.org\/stadtbesetzen\/index.php?rest_route=\/wp\/v2\/users\/1"}],"replies":[{"embeddable":true,"href":"https:\/\/www.lived-space-lab.org\/stadtbesetzen\/index.php?rest_route=%2Fwp%2Fv2%2Fcomments&post=48"}],"version-history":[{"count":10,"href":"https:\/\/www.lived-space-lab.org\/stadtbesetzen\/index.php?rest_route=\/wp\/v2\/posts\/48\/revisions"}],"predecessor-version":[{"id":204,"href":"https:\/\/www.lived-space-lab.org\/stadtbesetzen\/index.php?rest_route=\/wp\/v2\/posts\/48\/revisions\/204"}],"wp:featuredmedia":[{"embeddable":true,"href":"https:\/\/www.lived-space-lab.org\/stadtbesetzen\/index.php?rest_route=\/wp\/v2\/media\/224"}],"wp:attachment":[{"href":"https:\/\/www.lived-space-lab.org\/stadtbesetzen\/index.php?rest_route=%2Fwp%2Fv2%2Fmedia&parent=48"}],"wp:term":[{"taxonomy":"category","embeddable":true,"href":"https:\/\/www.lived-space-lab.org\/stadtbesetzen\/index.php?rest_route=%2Fwp%2Fv2%2Fcategories&post=48"},{"taxonomy":"post_tag","embeddable":true,"href":"https:\/\/www.lived-space-lab.org\/stadtbesetzen\/index.php?rest_route=%2Fwp%2Fv2%2Ftags&post=48"}],"curies":[{"name":"wp","href":"https:\/\/api.w.org\/{rel}","templated":true}]}}