{"id":46,"date":"2014-08-13T09:18:29","date_gmt":"2014-08-13T09:18:29","guid":{"rendered":"http:\/\/www.lived-space-lab.org\/stadtbesetzen\/?p=46"},"modified":"2014-08-21T17:36:17","modified_gmt":"2014-08-21T17:36:17","slug":"05-volkspark-lichtenberg","status":"publish","type":"post","link":"https:\/\/www.lived-space-lab.org\/stadtbesetzen\/?p=46","title":{"rendered":"05 Volkspark Lichtenberg"},"content":{"rendered":"<p><strong>VOLKSPARK LICHTENBERG<\/strong><\/p>\n<p><em>von Francisco Castanheira und\u2009Julia Klauer<\/em><\/p>\n<p><strong>Lokale Expertin:\u00a0<\/strong>Manuela Zeumer<\/p>\n<p>Manuela Zeumer leitet das Team Ost des eingetragenen Vereins Casa Nostra f\u00fcr integrative Hilfe in Lichtenberg. Mit ihrem Team betreut sie 60 Klienten, die sich in Wohnungsnot befinden. Jedoch geht es nicht nur um die Vermittlung eines Wohn-und Schlafplatzes, sondern auch um das Erkennen der Ursachen f\u00fcr die Not-situation und das Herausarbeiten der pers\u00f6nlichen F\u00e4higkeiten ihrer \u201eJungs und M\u00e4dels\u201d. Sie selbst sieht sich nicht als lokale Institution, doch wir konnten bei unserem Picknick sehen, wie stark der Bezug der Klienten zu Frau Zeumer ist. Mit dem B\u00fcro an der Hagenstra\u00dfe 1 nimmt Casa Nostra e.V. eine Schl\u00fcsselposition im Kiez ein.\u00a0Bei unserem Picknick mit Manuela Zeumer setzten wir uns mit einer Biertischgarnitur auf den kleinen Platz direkt vor das B\u00fcro von Casa Nostra. Unter zwei gro\u00dfen B\u00e4umen und umringt von einem kleinen Z\u00e4unchen kamen wir ins Gespr\u00e4ch. Ab und zu liefen Passanten oder auch Klienten vorbei, die sie gr\u00fc\u00dften oder um einen kurzen Rat baten, wodurch wir einen Einblick in Frau Zeumers Arbeitsalltag gewinnen konnten.<\/p>\n<p><a href=\"http:\/\/www.lived-space-lab.org\/stadtbesetzen\/files\/2014\/08\/05JF_JKL_001_low.jpg\"><img loading=\"lazy\" decoding=\"async\" class=\"alignnone  wp-image-242\" alt=\"05JF_JKL_001_low\" src=\"http:\/\/www.lived-space-lab.org\/stadtbesetzen\/files\/2014\/08\/05JF_JKL_001_low.jpg\" width=\"819\" height=\"548\" srcset=\"https:\/\/www.lived-space-lab.org\/stadtbesetzen\/files\/2014\/08\/05JF_JKL_001_low.jpg 1024w, https:\/\/www.lived-space-lab.org\/stadtbesetzen\/files\/2014\/08\/05JF_JKL_001_low-300x200.jpg 300w\" sizes=\"auto, (max-width: 819px) 100vw, 819px\" \/><\/a><\/p>\n<p>&nbsp;<\/p>\n<p>Den Platz, der fr\u00fcher als Biergarten diente und sehr idyllisch wirkt, nutzt auch w\u00f6chentlich das Casa Nostra-Team.<br \/>\nDie Mitarbeiter bauen dann die Biertischgarnituren auf, es gibt Kaffee und Kuchen und oft werden auch zusammen Gesellschaftsspiele gespielt.<\/p>\n<p><em>\u201eDann ist es etwas spektakul\u00e4rer. Es geht\u00a0hier nicht mehr nur um soziale Arbeit, sondern es werden Geschichten ausgetauscht und unsere Jungs und M\u00e4dels k\u00f6nnen ihre\u00a0Betreuer von einer anderen Seite kennen lernen. Ab und zu bleibt dann auch mal ein \u00e4lterer Herr oder \u00e4ltere Dame stehen und staunt, dass hier bis zu 15 Leute sitzen,\u00a0die schreckliche Schicksale hinter sich\u00a0haben. Und weil es kostenlos Kaffee gibt, setzen sie sich auch mal dazu.\u201c<\/em><\/p>\n<p>Denn was Manuela Zeumer als kritischen Punkt in dem Kiez anmerkt, ist die starke \u00dcberalterung.\u00a0Obwohl Lichtenberg immer interessanter f\u00fcr junge Familien wird, weil die Anbindung zum Stadtzentrum sehr gut und die Mieten noch erschwinglich sind, dominieren im Kiez die Senioren mit ihrer h\u00e4ufig fehlenden Offenheit gegen\u00fcber den sozial Schw\u00e4cheren, als auch den jungen Zugezogenen. Die \u00c4lteren wollen nur\u00a0ungern ihren Kiez teilen, und die Distanz\u00a0gr\u00fcndet sich oft auf Vorurteilen.<\/p>\n<p><em>\u201eNach der Wende wurde den Menschen in Ostdeutschland vermittelt, dass alles schlecht war und viel falsch gemacht wurde. Da wird die Ignoranz gegen\u00fcber neuen Nachbarn noch st\u00e4rker, wenn Familien \u2013 vielleicht sogar aus Westdeutschland \u2013 sich in ihrem Kiez breit machen wollen.\u201c<\/em><\/p>\n<p>Dieser Punkt sei den Zugezogenen oft nicht klar. F\u00fcr das Aufeinandertreffen\u00a0und Kennenlernen der verschiedenen\u00a0Generationen und Menschengruppen gibt es keinen verf\u00fcgbaren Ort.<\/p>\n<p><em>\u201ePolitisch ist der Zuzug stark gew\u00fcnscht, jedoch gibt es keine flankierenden Ma\u00dfnahmen, die das Zusammenleben f\u00f6rdern.\u00a0Es gibt verschiedene Spots, f\u00fcr diverse Gruppen an Leuten, aber beispielsweise keinen Wochenmarkt, wo sich der Kiez trifft.\u00a0Es m\u00fcssen ja nicht gleich Begegnungsst\u00e4tten geschaffen werden, aber niedrigschwellige Aktionen, die f\u00fcr die Anwohner keine \u00dcberwindung kosten, um daran teilzunehmen, k\u00f6nnten klappen.\u201c<\/em><\/p>\n<p>Wir glauben und finden es bemerkenswert, dass solch eine niedrigschwellige Aktion schon bei ihr selbst w\u00f6chentlich auf dem kleinen Vorplatz stattfindet, wenn sich der Senior vom Punk den Kaffee nachschenken l\u00e4sst.<\/p>\n<p><em>\u201eDas hat etwas Verbindendes, ist schon ein wenig missionarisch. Vielleicht k\u00f6nnen da ein paar Vorurteile aufgehoben werden!\u201c<\/em><\/p>\n<p>&nbsp;<\/p>\n<p>&nbsp;<\/p>\n<p><a href=\"http:\/\/www.lived-space-lab.org\/stadtbesetzen\/files\/2014\/08\/05_PAN_FJ_low.jpg\"><img loading=\"lazy\" decoding=\"async\" class=\"alignnone  wp-image-243\" alt=\"05_PAN_FJ_low\" src=\"http:\/\/www.lived-space-lab.org\/stadtbesetzen\/files\/2014\/08\/05_PAN_FJ_low-994x1024.jpg\" width=\"795\" height=\"819\" srcset=\"https:\/\/www.lived-space-lab.org\/stadtbesetzen\/files\/2014\/08\/05_PAN_FJ_low-994x1024.jpg 994w, https:\/\/www.lived-space-lab.org\/stadtbesetzen\/files\/2014\/08\/05_PAN_FJ_low-291x300.jpg 291w, https:\/\/www.lived-space-lab.org\/stadtbesetzen\/files\/2014\/08\/05_PAN_FJ_low.jpg 1408w\" sizes=\"auto, (max-width: 795px) 100vw, 795px\" \/><\/a><\/p>\n<p>&nbsp;<\/p>\n<p><em>Kreispanorama des Picknickortes<\/em><\/p>\n<p><strong>Der neue Volkspark Lichtenberg<\/strong><\/p>\n<p><a href=\"http:\/\/www.lived-space-lab.org\/stadtbesetzen\/files\/2014\/08\/05JF_JK_014_low.jpg\"><img loading=\"lazy\" decoding=\"async\" class=\"alignnone size-full wp-image-245\" alt=\"05JF_JK_014_low\" src=\"http:\/\/www.lived-space-lab.org\/stadtbesetzen\/files\/2014\/08\/05JF_JK_014_low.jpg\" width=\"1024\" height=\"761\" srcset=\"https:\/\/www.lived-space-lab.org\/stadtbesetzen\/files\/2014\/08\/05JF_JK_014_low.jpg 1024w, https:\/\/www.lived-space-lab.org\/stadtbesetzen\/files\/2014\/08\/05JF_JK_014_low-300x222.jpg 300w\" sizes=\"auto, (max-width: 1024px) 100vw, 1024px\" \/><\/a><\/p>\n<p><a href=\"http:\/\/www.lived-space-lab.org\/stadtbesetzen\/files\/2014\/08\/05JF_JK_007_low.jpg\"><img loading=\"lazy\" decoding=\"async\" class=\"alignnone size-large wp-image-247\" alt=\"05JF_JK_007_low\" src=\"http:\/\/www.lived-space-lab.org\/stadtbesetzen\/files\/2014\/08\/05JF_JK_007_low-1024x681.jpg\" width=\"1024\" height=\"681\" srcset=\"https:\/\/www.lived-space-lab.org\/stadtbesetzen\/files\/2014\/08\/05JF_JK_007_low-1024x681.jpg 1024w, https:\/\/www.lived-space-lab.org\/stadtbesetzen\/files\/2014\/08\/05JF_JK_007_low-300x199.jpg 300w, https:\/\/www.lived-space-lab.org\/stadtbesetzen\/files\/2014\/08\/05JF_JK_007_low.jpg 1200w\" sizes=\"auto, (max-width: 1024px) 100vw, 1024px\" \/><\/a><\/p>\n<p><a href=\"http:\/\/www.lived-space-lab.org\/stadtbesetzen\/files\/2014\/08\/05JF_JK_010_low.jpg\"><img loading=\"lazy\" decoding=\"async\" class=\"alignnone size-large wp-image-248\" alt=\"05JF_JK_010_low\" src=\"http:\/\/www.lived-space-lab.org\/stadtbesetzen\/files\/2014\/08\/05JF_JK_010_low-1024x681.jpg\" width=\"1024\" height=\"681\" srcset=\"https:\/\/www.lived-space-lab.org\/stadtbesetzen\/files\/2014\/08\/05JF_JK_010_low-1024x681.jpg 1024w, https:\/\/www.lived-space-lab.org\/stadtbesetzen\/files\/2014\/08\/05JF_JK_010_low-300x199.jpg 300w, https:\/\/www.lived-space-lab.org\/stadtbesetzen\/files\/2014\/08\/05JF_JK_010_low.jpg 1200w\" sizes=\"auto, (max-width: 1024px) 100vw, 1024px\" \/><\/a><\/p>\n<p><a href=\"http:\/\/www.lived-space-lab.org\/stadtbesetzen\/files\/2014\/08\/05JF_NB_011_low.jpg\"><img loading=\"lazy\" decoding=\"async\" class=\"alignnone size-full wp-image-249\" alt=\"05JF_NB_011_low\" src=\"http:\/\/www.lived-space-lab.org\/stadtbesetzen\/files\/2014\/08\/05JF_NB_011_low.jpg\" width=\"1024\" height=\"768\" srcset=\"https:\/\/www.lived-space-lab.org\/stadtbesetzen\/files\/2014\/08\/05JF_NB_011_low.jpg 1024w, https:\/\/www.lived-space-lab.org\/stadtbesetzen\/files\/2014\/08\/05JF_NB_011_low-300x225.jpg 300w\" sizes=\"auto, (max-width: 1024px) 100vw, 1024px\" \/><\/a><\/p>\n<p><strong>Francisco Castanheira \u2005und Julia Klauer\u00a0<\/strong><\/p>\n<p>Francisco: \u201eIch bin Austauschstudent aus Portugal und studiere hier seit einem Jahr\u00a0Architektur im Master. Schon im letzten Semester habe ich an einem Workshop des lived\/space\/lab teilgenommen.\u201cJulia: \u201eIch studiere im Master in\u00a0Visueller Kommunikation. Seit einiger Zeit setze ich mich tempor\u00e4rer Architektur im urbanen Kontext auseinander und war\u00a0gespannt auf das Picknick mit einem\u00a0lokalen Experten.\u201c<\/p>\n","protected":false},"excerpt":{"rendered":"<p>VOLKSPARK LICHTENBERG von Francisco Castanheira und\u2009Julia Klauer Lokale Expertin:\u00a0Manuela Zeumer Manuela Zeumer leitet das Team&#8230;<\/p>\n","protected":false},"author":1,"featured_media":239,"comment_status":"closed","ping_status":"closed","sticky":false,"template":"","format":"standard","meta":{"footnotes":""},"categories":[1],"tags":[],"class_list":["post-46","post","type-post","status-publish","format-standard","has-post-thumbnail","hentry","category-uncategorized"],"_links":{"self":[{"href":"https:\/\/www.lived-space-lab.org\/stadtbesetzen\/index.php?rest_route=\/wp\/v2\/posts\/46","targetHints":{"allow":["GET"]}}],"collection":[{"href":"https:\/\/www.lived-space-lab.org\/stadtbesetzen\/index.php?rest_route=\/wp\/v2\/posts"}],"about":[{"href":"https:\/\/www.lived-space-lab.org\/stadtbesetzen\/index.php?rest_route=\/wp\/v2\/types\/post"}],"author":[{"embeddable":true,"href":"https:\/\/www.lived-space-lab.org\/stadtbesetzen\/index.php?rest_route=\/wp\/v2\/users\/1"}],"replies":[{"embeddable":true,"href":"https:\/\/www.lived-space-lab.org\/stadtbesetzen\/index.php?rest_route=%2Fwp%2Fv2%2Fcomments&post=46"}],"version-history":[{"count":12,"href":"https:\/\/www.lived-space-lab.org\/stadtbesetzen\/index.php?rest_route=\/wp\/v2\/posts\/46\/revisions"}],"predecessor-version":[{"id":237,"href":"https:\/\/www.lived-space-lab.org\/stadtbesetzen\/index.php?rest_route=\/wp\/v2\/posts\/46\/revisions\/237"}],"wp:featuredmedia":[{"embeddable":true,"href":"https:\/\/www.lived-space-lab.org\/stadtbesetzen\/index.php?rest_route=\/wp\/v2\/media\/239"}],"wp:attachment":[{"href":"https:\/\/www.lived-space-lab.org\/stadtbesetzen\/index.php?rest_route=%2Fwp%2Fv2%2Fmedia&parent=46"}],"wp:term":[{"taxonomy":"category","embeddable":true,"href":"https:\/\/www.lived-space-lab.org\/stadtbesetzen\/index.php?rest_route=%2Fwp%2Fv2%2Fcategories&post=46"},{"taxonomy":"post_tag","embeddable":true,"href":"https:\/\/www.lived-space-lab.org\/stadtbesetzen\/index.php?rest_route=%2Fwp%2Fv2%2Ftags&post=46"}],"curies":[{"name":"wp","href":"https:\/\/api.w.org\/{rel}","templated":true}]}}