{"id":44,"date":"2014-08-13T09:17:38","date_gmt":"2014-08-13T09:17:38","guid":{"rendered":"http:\/\/www.lived-space-lab.org\/stadtbesetzen\/?p=44"},"modified":"2014-08-21T17:58:18","modified_gmt":"2014-08-21T17:58:18","slug":"06-guerilla-picknick","status":"publish","type":"post","link":"https:\/\/www.lived-space-lab.org\/stadtbesetzen\/?p=44","title":{"rendered":"06 Guerilla Picknick"},"content":{"rendered":"<p><strong>GUERILLA PICKNICK<\/strong><\/p>\n<p><em>von Bruno Torres und Jacob Fisher<\/em><\/p>\n<p><strong>Lokale Experten:\u00a0<\/strong><\/p>\n<p><strong>Ralf<\/strong><br \/>\n50, BEHINDERTENTRANSPORTfAHRER<br \/>\nEine Institution im Stadtteil<br \/>\n<strong><\/strong><\/p>\n<p><strong>Jenny<\/strong><br \/>\n11, Schulm\u00e4dchen aus Marzahn<br \/>\nMag Ballett, Hip-HOP und<br \/>\nunseren Frischk\u00e4se<br \/>\n<strong><\/strong><\/p>\n<p><strong>Udo<\/strong><br \/>\n~30, Feuerwehrmann,<br \/>\nHat einen Leguan (Gonzo) als Haustier<br \/>\nund mindestens genausoviel Muster auf seiner Haut wie Gonzo<br \/>\n<strong><\/strong><\/p>\n<p><strong>Peter<\/strong><br \/>\n~40, Teilzeitfliesenleger,<br \/>\nDauerfahrradfahrer,<br \/>\nVater, Froh seiner Ex-Frau keinen Unterhalt zu zahlen<br \/>\n<strong><\/strong><\/p>\n<p><strong>Detlef<\/strong><br \/>\n~55, Dauereink\u00e4ufer<br \/>\nDauerskeptisch<br \/>\n<strong><\/strong><\/p>\n<p><strong>Der Plastikpapagei<\/strong><br \/>\n~?, Der treuste aber leisteste Begleiter durch das Picknick<\/p>\n<p>&nbsp;<\/p>\n<p><a href=\"http:\/\/www.lived-space-lab.org\/stadtbesetzen\/files\/2014\/08\/06BJ_BT_001_low.jpg\"><img loading=\"lazy\" decoding=\"async\" class=\"alignnone size-full wp-image-258\" alt=\"06BJ_BT_001_low\" src=\"http:\/\/www.lived-space-lab.org\/stadtbesetzen\/files\/2014\/08\/06BJ_BT_001_low.jpg\" width=\"1024\" height=\"682\" srcset=\"https:\/\/www.lived-space-lab.org\/stadtbesetzen\/files\/2014\/08\/06BJ_BT_001_low.jpg 1024w, https:\/\/www.lived-space-lab.org\/stadtbesetzen\/files\/2014\/08\/06BJ_BT_001_low-300x199.jpg 300w\" sizes=\"auto, (max-width: 1024px) 100vw, 1024px\" \/><\/a><\/p>\n<p>Wir haben uns f\u00fcr ein Guerilla-Picknick auf einer Verkehrsinsel entschieden, bei dem sich die vorbeilaufenden Menschen als Experten zu uns setzen k\u00f6nnen.<\/p>\n<p>Als wir am Ort unseres Picknicks ankamen, fanden wir einen Plastikvogel vor, der auf einer \u00f6ffentlichen Sitzbank lag. Der Vogel war der Gl\u00fccksbringer unseres Picknicks. Kurz nachdem wir begonnen hatten zu picknicken, lief ein \u00e4lterer Mann mit einem Kind an uns vorbei. Der Mann hie\u00df Ralf, war f\u00fcnfzig Jahre alt, und fragte uns, ob wir ein neu er\u00f6ffneter Stra\u00dfenimbiss seien. Wir erz\u00e4hlten ihm von unserem Projekt und luden ihn und seine Begleiterin Jenny, ein elfj\u00e4hriges Schulm\u00e4dchen, zum Picknick ein.<\/p>\n<p>Ralf erz\u00e4hlte uns, dass Lichtenberg der fl\u00e4chenm\u00e4\u00dfig gr\u00f6\u00dfte Bezirk Berlins sei. Der Stadtteil erstrecke sich sogar \u00fcber das Gebiet jenseits des Bahndammes. Ralf wohne hier schon sein ganzes Leben lang und kenne sich im Bezirk gut aus. Als sein Bekannter Detlef mit einer Einkaufst\u00fcte an uns vorbeilief, gr\u00fc\u00dfte er ihn. Detlef wollte sich weder zu uns setzen noch fotografieren lassen. Obwohl er zu seiner Frau zum Mittagessen musste, ging er schnell nochmal einkaufen. Einen Moment sp\u00e4ter tauchte Udo, ein t\u00e4towierter Feuerwehrmann, neben uns auf und zeigte uns seinen Leguan. Beide lie\u00dfen sich f\u00fcr ein Familienfoto mit uns fotografieren. Udo musste mit seinem Leguan zum Tierarzt, weshalb er nicht lange bei uns bleiben konnte. Ralf scheint im Stadtteil weithin bekannt zu sein, zumindest unter denen, die an unserem Picknickplatz vorbeikamen. Als Udo gegangen war, gesellte sich Peter, ein Fahrradfahrer, zu uns. Peter wollte ebenfalls nicht fotografiert werden. Er blieb als Einziger bis zum Ende des Picknicks und erz\u00e4hlte uns viel von seinem Sohn und seiner Exfrau. Er scheint realtiv froh zu sein, aufgrund seines geringen Einkommens seiner Exfrau keinen Unterhalt zahlen zu m\u00fcssen und findet es absurd, eine Geldstrafe bekommen zu haben, weil er mit seinem Sohn an der Spree Enten f\u00fcttern war.<\/p>\n<p>Die Bushaltestelle gebe es auf dieser Verkehrsinsel seit einem Jahr, sagte uns Ralf. Davor befand sich hier ein Altglascontainer, der nun auf einem Recyclinghof in der N\u00e4he stehe, weshalb die meisten Nachbarn ihren M\u00fcll nicht mehr trennen w\u00fcrden. Die Stra\u00dfenbahn fahre rasant von der Fanningerstra\u00dfe um die Ecke in die Gudrunstra\u00dfe.<br \/>\nSeitdem es die Bushaltestelle gebe, kontrolliere das Ordnungsamt die Parkpl\u00e4tze. Fu\u00dfg\u00e4nger gebe es nur wenige, da viele Anwohner ein Auto h\u00e4tten. Die meisten Anwohner seien \u00e4ltere Menschen. Sie h\u00e4tten hier im Kiez unmmitelbar erreichbare Einkaufsm\u00f6glichkeiten. Man k\u00f6nne hier den Flugl\u00e4rm aus Sch\u00f6nefeld h\u00f6ren.<\/p>\n<p><a href=\"http:\/\/www.lived-space-lab.org\/stadtbesetzen\/files\/2014\/08\/06_PAN_BJ_low.jpg\"><img loading=\"lazy\" decoding=\"async\" class=\"alignnone size-large wp-image-261\" alt=\"06_PAN_BJ_low\" src=\"http:\/\/www.lived-space-lab.org\/stadtbesetzen\/files\/2014\/08\/06_PAN_BJ_low-1024x811.jpg\" width=\"1024\" height=\"811\" srcset=\"https:\/\/www.lived-space-lab.org\/stadtbesetzen\/files\/2014\/08\/06_PAN_BJ_low-1024x811.jpg 1024w, https:\/\/www.lived-space-lab.org\/stadtbesetzen\/files\/2014\/08\/06_PAN_BJ_low-300x237.jpg 300w, https:\/\/www.lived-space-lab.org\/stadtbesetzen\/files\/2014\/08\/06_PAN_BJ_low.jpg 1717w\" sizes=\"auto, (max-width: 1024px) 100vw, 1024px\" \/><\/a><\/p>\n<p>&nbsp;<\/p>\n<p><strong>\u00a0<\/strong><\/p>\n<p><strong>Das Objekt<\/strong><\/p>\n<p><img loading=\"lazy\" decoding=\"async\" class=\"alignnone size-full wp-image-263\" alt=\"06BJ_BT_003_low\" src=\"http:\/\/www.lived-space-lab.org\/stadtbesetzen\/files\/2014\/08\/06BJ_BT_003_low.jpg\" width=\"1024\" height=\"768\" srcset=\"https:\/\/www.lived-space-lab.org\/stadtbesetzen\/files\/2014\/08\/06BJ_BT_003_low.jpg 1024w, https:\/\/www.lived-space-lab.org\/stadtbesetzen\/files\/2014\/08\/06BJ_BT_003_low-300x225.jpg 300w\" sizes=\"auto, (max-width: 1024px) 100vw, 1024px\" \/><\/p>\n<p><em>Die Hocker der Teestation verpacken die Bank<\/em><\/p>\n<p><a href=\"http:\/\/www.lived-space-lab.org\/stadtbesetzen\/files\/2014\/08\/06BJ_BT_012.jpg\"><img loading=\"lazy\" decoding=\"async\" class=\"alignnone size-full wp-image-262\" alt=\"06BJ_BT_012\" src=\"http:\/\/www.lived-space-lab.org\/stadtbesetzen\/files\/2014\/08\/06BJ_BT_012.jpg\" width=\"1024\" height=\"491\" srcset=\"https:\/\/www.lived-space-lab.org\/stadtbesetzen\/files\/2014\/08\/06BJ_BT_012.jpg 1024w, https:\/\/www.lived-space-lab.org\/stadtbesetzen\/files\/2014\/08\/06BJ_BT_012-300x143.jpg 300w\" sizes=\"auto, (max-width: 1024px) 100vw, 1024px\" \/><\/a><\/p>\n<p>&nbsp;<\/p>\n<p><em>Das &#8218;Innere&#8216; der Teestation und die Anleitung, Aufbau und Nutzung<\/em><\/p>\n<p><a href=\"http:\/\/www.lived-space-lab.org\/stadtbesetzen\/files\/2014\/08\/06BJ_JK_004_low.jpg\"><img loading=\"lazy\" decoding=\"async\" class=\"alignnone size-full wp-image-265\" alt=\"06BJ_JK_004_low\" src=\"http:\/\/www.lived-space-lab.org\/stadtbesetzen\/files\/2014\/08\/06BJ_JK_004_low.jpg\" width=\"1024\" height=\"682\" srcset=\"https:\/\/www.lived-space-lab.org\/stadtbesetzen\/files\/2014\/08\/06BJ_JK_004_low.jpg 1024w, https:\/\/www.lived-space-lab.org\/stadtbesetzen\/files\/2014\/08\/06BJ_JK_004_low-300x199.jpg 300w\" sizes=\"auto, (max-width: 1024px) 100vw, 1024px\" \/><\/a><\/p>\n<p><a href=\"http:\/\/www.lived-space-lab.org\/stadtbesetzen\/files\/2014\/08\/06BJ_JK_009_low.jpg\"><img loading=\"lazy\" decoding=\"async\" class=\"alignnone size-full wp-image-266\" alt=\"06BJ_JK_009_low\" src=\"http:\/\/www.lived-space-lab.org\/stadtbesetzen\/files\/2014\/08\/06BJ_JK_009_low.jpg\" width=\"1024\" height=\"768\" srcset=\"https:\/\/www.lived-space-lab.org\/stadtbesetzen\/files\/2014\/08\/06BJ_JK_009_low.jpg 1024w, https:\/\/www.lived-space-lab.org\/stadtbesetzen\/files\/2014\/08\/06BJ_JK_009_low-300x225.jpg 300w\" sizes=\"auto, (max-width: 1024px) 100vw, 1024px\" \/><\/a><\/p>\n<p>&nbsp;<\/p>\n<p><strong>Bruno Torres und Jacob Fisher<\/strong><\/p>\n<p>Jacob (27), ArchitekturStudent, 11.Sem\u00a0Lebt in Berlin seit er 16\u00a0ist und hat trotz seiner langen Zeit hier durch das Projekt eine neue Perspektive\u00a0auf Berlin und seine B\u00fcrger\u00a0bekommen<\/p>\n<p>Bruno (22), Architekturstudent, 6.Sem\u00a0<em id=\"__mceDel\">lebt seit 3 jahren in berlin und hat sich vor allem \u00fcber das interesse von ralf \u00a0<\/em><em id=\"__mceDel\"><em id=\"__mceDel\"><em id=\"__mceDel\"><em id=\"__mceDel\">und Jenny an unserem\u00a0<\/em><\/em><\/em><\/em><em id=\"__mceDel\"><em id=\"__mceDel\"><em id=\"__mceDel\"><em id=\"__mceDel\"><em id=\"__mceDel\">Essen erfreut.<\/em><\/em><\/em><\/em><\/em><\/p>\n<p>&nbsp;<\/p>\n<p>&nbsp;<\/p>\n<p>&nbsp;<\/p>\n","protected":false},"excerpt":{"rendered":"<p>GUERILLA PICKNICK von Bruno Torres und Jacob Fisher Lokale Experten:\u00a0 Ralf 50, BEHINDERTENTRANSPORTfAHRER Eine Institution&#8230;<\/p>\n","protected":false},"author":1,"featured_media":256,"comment_status":"closed","ping_status":"closed","sticky":false,"template":"","format":"standard","meta":{"footnotes":""},"categories":[1],"tags":[],"class_list":["post-44","post","type-post","status-publish","format-standard","has-post-thumbnail","hentry","category-uncategorized"],"_links":{"self":[{"href":"https:\/\/www.lived-space-lab.org\/stadtbesetzen\/index.php?rest_route=\/wp\/v2\/posts\/44","targetHints":{"allow":["GET"]}}],"collection":[{"href":"https:\/\/www.lived-space-lab.org\/stadtbesetzen\/index.php?rest_route=\/wp\/v2\/posts"}],"about":[{"href":"https:\/\/www.lived-space-lab.org\/stadtbesetzen\/index.php?rest_route=\/wp\/v2\/types\/post"}],"author":[{"embeddable":true,"href":"https:\/\/www.lived-space-lab.org\/stadtbesetzen\/index.php?rest_route=\/wp\/v2\/users\/1"}],"replies":[{"embeddable":true,"href":"https:\/\/www.lived-space-lab.org\/stadtbesetzen\/index.php?rest_route=%2Fwp%2Fv2%2Fcomments&post=44"}],"version-history":[{"count":8,"href":"https:\/\/www.lived-space-lab.org\/stadtbesetzen\/index.php?rest_route=\/wp\/v2\/posts\/44\/revisions"}],"predecessor-version":[{"id":255,"href":"https:\/\/www.lived-space-lab.org\/stadtbesetzen\/index.php?rest_route=\/wp\/v2\/posts\/44\/revisions\/255"}],"wp:featuredmedia":[{"embeddable":true,"href":"https:\/\/www.lived-space-lab.org\/stadtbesetzen\/index.php?rest_route=\/wp\/v2\/media\/256"}],"wp:attachment":[{"href":"https:\/\/www.lived-space-lab.org\/stadtbesetzen\/index.php?rest_route=%2Fwp%2Fv2%2Fmedia&parent=44"}],"wp:term":[{"taxonomy":"category","embeddable":true,"href":"https:\/\/www.lived-space-lab.org\/stadtbesetzen\/index.php?rest_route=%2Fwp%2Fv2%2Fcategories&post=44"},{"taxonomy":"post_tag","embeddable":true,"href":"https:\/\/www.lived-space-lab.org\/stadtbesetzen\/index.php?rest_route=%2Fwp%2Fv2%2Ftags&post=44"}],"curies":[{"name":"wp","href":"https:\/\/api.w.org\/{rel}","templated":true}]}}