{"id":42,"date":"2014-08-13T09:17:17","date_gmt":"2014-08-13T09:17:17","guid":{"rendered":"http:\/\/www.lived-space-lab.org\/stadtbesetzen\/?p=42"},"modified":"2014-09-01T07:47:31","modified_gmt":"2014-09-01T07:47:31","slug":"07-irene-sarah","status":"publish","type":"post","link":"https:\/\/www.lived-space-lab.org\/stadtbesetzen\/?p=42","title":{"rendered":"07 Freiraumsuche"},"content":{"rendered":"<p><strong>FREIRAUMSUCHE<\/strong><\/p>\n<p><em>von Irene Kriechbaum und Sarah B\u00e4cker<\/em><\/p>\n<p><em><\/em><strong>Lokaler Experte:<\/strong>\u00a0Sebastian Herrling<\/p>\n<p>Sebastian kommt urspr\u00fcnglich aus\u00a0Marzahn und hat 7 Jahre im Kiez gewohnt, bis Investoren sein Haus aufkauften\u00a0und in Eigentumswohnungen umwandelten.\u00a0Da ist er gegangen. Nach Friedrichshain.\u00a0Eine Art Gegenbewegung zu dem heute wohl \u00fcblicheren Weg: die Menschen ziehen nach Lichtenberg, weil ihnen Friedrichshain zu teuer, zu laut, zu touristisch\u00a0geworden ist.Was er aufgibt, ist ein St\u00fcck Freiheit, seinen\u00a0Garten, seine Ungest\u00f6rtheit.<\/p>\n<p><em>\u00ab\u2005Im alten Haus war es kalt, aber keiner hat mir \u00c4rger gemacht. Dann ging es los mit dem gro\u00dfen Ausverkauf. Da wusste ich, ich werd wohl nicht mehr mein idyllisches Paradies im Hof haben. Mit Hollywoodschaukel und Apfelb\u00e4umen. War sch\u00f6n.\u00a0Die Hollywoodschaukel, die vorm Laden steht, wisst ihr? Ich hatte ja keinen Hof mehr und wusste nicht wohin damit, da hab ich sie einfach dort hingestellt .\u2005\u00bb<\/em><\/p>\n<p><a href=\"http:\/\/www.lived-space-lab.org\/stadtbesetzen\/files\/2014\/08\/07IS_IS_001_low.jpg\"><img loading=\"lazy\" decoding=\"async\" class=\"alignnone  wp-image-211\" alt=\"07IS_IS_001_low\" src=\"http:\/\/www.lived-space-lab.org\/stadtbesetzen\/files\/2014\/08\/07IS_IS_001_low.jpg\" width=\"614\" height=\"410\" srcset=\"https:\/\/www.lived-space-lab.org\/stadtbesetzen\/files\/2014\/08\/07IS_IS_001_low.jpg 1024w, https:\/\/www.lived-space-lab.org\/stadtbesetzen\/files\/2014\/08\/07IS_IS_001_low-300x200.jpg 300w\" sizes=\"auto, (max-width: 614px) 100vw, 614px\" \/><\/a><\/p>\n<p>Auch heute zieht es ihn jeden Tag zur\u00fcck nach Lichtenberg. Er arbeitet als Koch im Bioladen \u201eNaturPur\u201c an der Frankfurter Allee. Fr\u00fcher war er Stammkunde, jetzt verwandelt er Gem\u00fcse und Gew\u00fcrze\u00a0in immer neue Suppenkreationen. Dort\u00a0treffen wir ihn das erste Mal.<\/p>\n<p><em>\u00ab\u2005Ich find unseren Picknicksort ganz toll. Hier hat man praktisch keinen Durchgangsverkehr. Die Bahntrasse und die Frankfurter Allee bilden eine Art Schutzwall. Hinten schotten Krankenhaus, Gewerbegebiet\u00a0und Herzbergepark den Kiez ab. Du hast\u00a0quasi ein U, welches das Wohngebiet umfasst. Das ist hier wie eine Insel, eine Oase.\u2005\u00bb<\/em><\/p>\n<p><strong>Der Picknickort<\/strong><\/p>\n<p>Unsere Picknickdecke breiten wir auf einem dreieckigen St\u00fcck Land aus, das sich zwischen Gudrun-, Kriemhild- und R\u00fcdigerstra\u00dfe aufspannt. Wild wuchert das Gras. Ein St\u00fcck Freiheit zwischen Friedhof, Gleisen und Wohnbebauung. Fr\u00fcher wiesen offizielle Schilder den Ort als gesch\u00fctzte Gr\u00fcnanlage aus. Nach der Satzung durften diese nur so benutzt werden, \u201ewie es sich aus der Natur der einzelnen Anlage und ihrer Zweckbestimmung ergibt\u201c( \u00a7 6, Gr\u00fcnanlG). Zu diesen Regeln z\u00e4hlt unter anderem auch die Leinenpflicht f\u00fcr Hunde. Verst\u00f6\u00dfe werden gemahnt. \u00dcber die Einhaltung der Regeln wachten eifrige Nachbarn. Kein freilaufender Hund entging ihnen. Prompt wurde das Ordnungsamt informiert und r\u00fcckte an. Erm\u00fcdet von den unabl\u00e4ssigen Eins\u00e4tzen ging man schlie\u00dflich einen h\u00f6chst pragmatischen Weg: Man entfernte das Schild und den damit verbundenen Regel-<br \/>\nkatalog. Was bleibt, ist ein undefinierter Ort, zu allen Seiten offen.<\/p>\n<p><strong><a href=\"http:\/\/www.lived-space-lab.org\/stadtbesetzen\/files\/2014\/08\/07IS_IS_low.jpg\"><img loading=\"lazy\" decoding=\"async\" alt=\"07IS_IS_low\" src=\"http:\/\/www.lived-space-lab.org\/stadtbesetzen\/files\/2014\/08\/07IS_IS_low.jpg\" width=\"1024\" height=\"298\" \/><\/a><\/strong><\/p>\n<p><strong>Der Kiez<\/strong><\/p>\n<p><strong><\/strong><em>\u00ab\u2005Friedrichshain ist zu voll geworden.\u00a0Und zu hipsterm\u00e4\u00dfig. Viele Leute haben\u00a0da keine Lust mehr drauf. Jetzt ziehen\u00a0viele Leute in den Kiez hier, gerade genau in diesen Teil. Hier sind die sch\u00f6neren Wohnungen von Lichtenberg mit hohen Decken, eher b\u00fcrgerlich, nicht so die\u00a0Arbeiterwohnungen wie im Weitlingkiez.\u00bb<\/em><\/p>\n<p>Sebastian hat die Ver\u00e4nderung im Kiez in den letzten Jahren miterlebt. Er sieht den Zuzug unvoreingenommener Menschen \u00a0positiv, da so Vorurteile \u00fcber Lichtenberg relativiert werden. Noch ist es ein Kiez, \u00a0der nicht so im Fokus steht und dadurch auch gesch\u00fctzt ist. Durch die Ver\u00e4nderung \u00f6ffnen sich T\u00fcren. Es kommen Leute, die offener sind.<\/p>\n<p><em id=\"__mceDel\">\u00abEs bedarf Mut, hier mit was Neuem\u00a0<\/em><em id=\"__mceDel\">anzufangen. Und dann ziehen vielleicht\u00a0<\/em><em id=\"__mceDel\">andere nach. Wir m\u00fcssen flexibel sein. Wenn sich die Dinge \u00e4ndern muss man\u00a0<\/em><em id=\"__mceDel\">schnell schalten. Umbauen, was wagen.\u00bb<\/em><\/p>\n<p>&nbsp;<\/p>\n<p><a href=\"http:\/\/www.lived-space-lab.org\/stadtbesetzen\/files\/2014\/08\/07_PAN_IS_low.jpg\"><img loading=\"lazy\" decoding=\"async\" class=\"alignnone  wp-image-215\" alt=\"07_PAN_IS_low\" src=\"http:\/\/www.lived-space-lab.org\/stadtbesetzen\/files\/2014\/08\/07_PAN_IS_low-1024x1005.jpg\" width=\"614\" height=\"603\" srcset=\"https:\/\/www.lived-space-lab.org\/stadtbesetzen\/files\/2014\/08\/07_PAN_IS_low-1024x1005.jpg 1024w, https:\/\/www.lived-space-lab.org\/stadtbesetzen\/files\/2014\/08\/07_PAN_IS_low-300x294.jpg 300w, https:\/\/www.lived-space-lab.org\/stadtbesetzen\/files\/2014\/08\/07_PAN_IS_low.jpg 1348w\" sizes=\"auto, (max-width: 614px) 100vw, 614px\" \/><\/a><\/p>\n<p>&nbsp;<\/p>\n<p><em>Kreispanorama am Picknickort<\/em><\/p>\n<p><strong>Zum Objekt<\/strong><\/p>\n<p>Die Topographie unserer Picknickwiese ist gepr\u00e4gt durch die L\u00f6cher, die zahlreiche Hunde in den letzen Jahren gegraben haben. Durchs hohe Gras fast vollst\u00e4ndig verborgen verteilen sich die bis zu 60 Zentimeter tiefen Gruben \u00fcber das gesamte Areal.\u00a0In unserer Intervention haben wir einige dieser L\u00f6cher abgegossen und die Negativform neben ihrem Original platziert. Das Abformen als Methode der Spurensicherung \u00a0dient hier dazu, die Geschichte des Ortes zu erz\u00e4hlen.<\/p>\n<p><a href=\"http:\/\/www.lived-space-lab.org\/stadtbesetzen\/files\/2014\/08\/07IS_IS_013_low.jpg\"><img loading=\"lazy\" decoding=\"async\" class=\"alignnone size-full wp-image-216\" alt=\"07IS_IS_013_low\" src=\"http:\/\/www.lived-space-lab.org\/stadtbesetzen\/files\/2014\/08\/07IS_IS_013_low.jpg\" width=\"1024\" height=\"373\" srcset=\"https:\/\/www.lived-space-lab.org\/stadtbesetzen\/files\/2014\/08\/07IS_IS_013_low.jpg 1024w, https:\/\/www.lived-space-lab.org\/stadtbesetzen\/files\/2014\/08\/07IS_IS_013_low-300x109.jpg 300w\" sizes=\"auto, (max-width: 1024px) 100vw, 1024px\" \/><\/a><\/p>\n<p><em id=\"__mceDel\">Durch das Invertieren der Hundel\u00f6cher zu Hundeh\u00fcgeln werden die Spuren der Nutzung sichtbar. Die wei\u00dfen Berge ragen aus den Gr\u00e4sern und laden dazu ein, sich auf sie zu setzen und zu rasten. Die Hundewiese ist ein \u00e4u\u00dferst kommunikativer Ort.<\/em><\/p>\n<p><a href=\"http:\/\/www.lived-space-lab.org\/stadtbesetzen\/files\/2014\/08\/07IS_IS_003_low.jpg\"><img loading=\"lazy\" decoding=\"async\" class=\"alignnone size-full wp-image-217\" alt=\"07IS_IS_003_low\" src=\"http:\/\/www.lived-space-lab.org\/stadtbesetzen\/files\/2014\/08\/07IS_IS_003_low.jpg\" width=\"1024\" height=\"683\" srcset=\"https:\/\/www.lived-space-lab.org\/stadtbesetzen\/files\/2014\/08\/07IS_IS_003_low.jpg 1024w, https:\/\/www.lived-space-lab.org\/stadtbesetzen\/files\/2014\/08\/07IS_IS_003_low-300x200.jpg 300w\" sizes=\"auto, (max-width: 1024px) 100vw, 1024px\" \/><\/a><\/p>\n<p><em id=\"__mceDel\">Die Hundebesitzer des Kiezes treffen sich hier und tauschen sich aus. \u00dcber ihre Hunde, das Leben im Kiez und nat\u00fcrlich auch \u00fcber die Zukunft der Wiese. Was sie eint ist die Angst vor dem Verlust dieses St\u00fcckchens Freiheit. Mit unserer Intervention m\u00f6chten wir den Blick auf die jetzt schon vorhandenen Qualit\u00e4ten des Ortes lenken.<\/em><\/p>\n<p><a href=\"http:\/\/www.lived-space-lab.org\/stadtbesetzen\/files\/2014\/08\/07IS_SH_012_low.jpg\"><img loading=\"lazy\" decoding=\"async\" class=\"alignnone size-full wp-image-218\" alt=\"07IS_SH_012_low\" src=\"http:\/\/www.lived-space-lab.org\/stadtbesetzen\/files\/2014\/08\/07IS_SH_012_low.jpg\" width=\"1024\" height=\"576\" srcset=\"https:\/\/www.lived-space-lab.org\/stadtbesetzen\/files\/2014\/08\/07IS_SH_012_low.jpg 1024w, https:\/\/www.lived-space-lab.org\/stadtbesetzen\/files\/2014\/08\/07IS_SH_012_low-300x168.jpg 300w, https:\/\/www.lived-space-lab.org\/stadtbesetzen\/files\/2014\/08\/07IS_SH_012_low-640x360.jpg 640w\" sizes=\"auto, (max-width: 1024px) 100vw, 1024px\" \/><\/a><em id=\"__mceDel\">\u00a0<\/em><\/p>\n<p><a href=\"http:\/\/www.lived-space-lab.org\/stadtbesetzen\/files\/2014\/08\/07IS_NB_010_low.jpg\"><img loading=\"lazy\" decoding=\"async\" class=\"alignnone size-full wp-image-219\" alt=\"07IS_NB_010_low\" src=\"http:\/\/www.lived-space-lab.org\/stadtbesetzen\/files\/2014\/08\/07IS_NB_010_low.jpg\" width=\"1024\" height=\"768\" srcset=\"https:\/\/www.lived-space-lab.org\/stadtbesetzen\/files\/2014\/08\/07IS_NB_010_low.jpg 1024w, https:\/\/www.lived-space-lab.org\/stadtbesetzen\/files\/2014\/08\/07IS_NB_010_low-300x225.jpg 300w\" sizes=\"auto, (max-width: 1024px) 100vw, 1024px\" \/><\/a><\/p>\n<p><strong>Irene\u2005\u2005Kriechbaum und\u2005Sarah\u2005\u2005B\u00e4cker<\/strong><\/p>\n<p><em id=\"__mceDel\"><strong><\/strong><\/em>Sarah B\u00e4cker (32) kommt aus dem Ruhr-gebiet und hat f\u00fcr eine Zeit selbst in\u00a0Lichtenberg gewoht. Irene Kriechbaum (26) ist aus \u00d6sterreich und neugierig, den Kiez besser kennenzulernen. Beide studieren Visuelle Kommunikation im Master an der UdK.<\/p>\n<p><a href=\"http:\/\/www.lived-space-lab.org\/stadtbesetzen\/files\/2014\/08\/07IS_IK_009_low.jpg\"><img loading=\"lazy\" decoding=\"async\" class=\"alignnone size-full wp-image-220\" alt=\"07IS_IK_009_low\" src=\"http:\/\/www.lived-space-lab.org\/stadtbesetzen\/files\/2014\/08\/07IS_IK_009_low.jpg\" width=\"1024\" height=\"683\" srcset=\"https:\/\/www.lived-space-lab.org\/stadtbesetzen\/files\/2014\/08\/07IS_IK_009_low.jpg 1024w, https:\/\/www.lived-space-lab.org\/stadtbesetzen\/files\/2014\/08\/07IS_IK_009_low-300x200.jpg 300w\" sizes=\"auto, (max-width: 1024px) 100vw, 1024px\" \/><\/a><\/p>\n<p>&nbsp;<\/p>\n","protected":false},"excerpt":{"rendered":"<p>FREIRAUMSUCHE von Irene Kriechbaum und Sarah B\u00e4cker Lokaler Experte:\u00a0Sebastian Herrling Sebastian kommt urspr\u00fcnglich aus\u00a0Marzahn und&#8230;<\/p>\n","protected":false},"author":1,"featured_media":209,"comment_status":"closed","ping_status":"closed","sticky":false,"template":"","format":"standard","meta":{"footnotes":""},"categories":[1],"tags":[],"class_list":["post-42","post","type-post","status-publish","format-standard","has-post-thumbnail","hentry","category-uncategorized"],"_links":{"self":[{"href":"https:\/\/www.lived-space-lab.org\/stadtbesetzen\/index.php?rest_route=\/wp\/v2\/posts\/42","targetHints":{"allow":["GET"]}}],"collection":[{"href":"https:\/\/www.lived-space-lab.org\/stadtbesetzen\/index.php?rest_route=\/wp\/v2\/posts"}],"about":[{"href":"https:\/\/www.lived-space-lab.org\/stadtbesetzen\/index.php?rest_route=\/wp\/v2\/types\/post"}],"author":[{"embeddable":true,"href":"https:\/\/www.lived-space-lab.org\/stadtbesetzen\/index.php?rest_route=\/wp\/v2\/users\/1"}],"replies":[{"embeddable":true,"href":"https:\/\/www.lived-space-lab.org\/stadtbesetzen\/index.php?rest_route=%2Fwp%2Fv2%2Fcomments&post=42"}],"version-history":[{"count":11,"href":"https:\/\/www.lived-space-lab.org\/stadtbesetzen\/index.php?rest_route=\/wp\/v2\/posts\/42\/revisions"}],"predecessor-version":[{"id":208,"href":"https:\/\/www.lived-space-lab.org\/stadtbesetzen\/index.php?rest_route=\/wp\/v2\/posts\/42\/revisions\/208"}],"wp:featuredmedia":[{"embeddable":true,"href":"https:\/\/www.lived-space-lab.org\/stadtbesetzen\/index.php?rest_route=\/wp\/v2\/media\/209"}],"wp:attachment":[{"href":"https:\/\/www.lived-space-lab.org\/stadtbesetzen\/index.php?rest_route=%2Fwp%2Fv2%2Fmedia&parent=42"}],"wp:term":[{"taxonomy":"category","embeddable":true,"href":"https:\/\/www.lived-space-lab.org\/stadtbesetzen\/index.php?rest_route=%2Fwp%2Fv2%2Fcategories&post=42"},{"taxonomy":"post_tag","embeddable":true,"href":"https:\/\/www.lived-space-lab.org\/stadtbesetzen\/index.php?rest_route=%2Fwp%2Fv2%2Ftags&post=42"}],"curies":[{"name":"wp","href":"https:\/\/api.w.org\/{rel}","templated":true}]}}