{"id":41,"date":"2014-08-13T09:16:46","date_gmt":"2014-08-13T09:16:46","guid":{"rendered":"http:\/\/www.lived-space-lab.org\/stadtbesetzen\/?p=41"},"modified":"2014-09-02T09:14:22","modified_gmt":"2014-09-02T09:14:22","slug":"08-schreibmaschine-miriam-sebastian","status":"publish","type":"post","link":"https:\/\/www.lived-space-lab.org\/stadtbesetzen\/?p=41","title":{"rendered":"08 Schreiben auf dem Freiaplatz"},"content":{"rendered":"<p><strong>SCHREIBEN AUF DEM FREIAPLATZ<\/strong><\/p>\n<p><em>von Miriam Kadel und Sebastian Perez\u00a0<\/em><\/p>\n<p>Unwetterwarnung und Sturmb\u00f6en \u00fcber Berlin und Brandenburg \u2013 besonders gut hat es der Himmel am 28.Mai nicht mitunseren Picknickpl\u00e4nen gemeint. In weiser Voraussicht schreiben wir unserer Picknickmitstreiterin und Lichtenberg-Expertin Bettina Ulbrich, um nach Alternativen im Trockenen zu fragen. Die Quiche duftet schon im Picknickkorb, als es dann auch schon drau\u00dfen anf\u00e4ngt, aus K\u00fcbeln zu gie\u00dfen. Wir trotzen dem Regen und machen uns mit Korb und Kegel auf den Weg gen Frankfurter Allee.In der Bahn meldet sich Bettina zum Gl\u00fcck zur\u00fcck und schl\u00e4gt ihre K\u00fcche f\u00fcr das Picknick vor. Gespannt \u00e4ndern wir unsere Route Richtung Richtung ihrer Wohnung.\u00a0Bettina Ulbrich empf\u00e4ngt uns herzlich in\u00a0ihrer gem\u00fctlichen Altbauwohnung unweit\u00a0vom Rathaus Lichtenberg. Dort arbeitet\u00a0sie als Gebietskoordinatorin und organisiert\u00a0den Austausch zwischen Stadtteil und Bezirksamt. Durch ihren Beruf ist\u00a0sie in st\u00e4ndigem Austausch mit den\u00a0sozialen\u00a0und kulturellen Akteuren im Kiez,\u00a0koordiniert und unterst\u00fctzt B\u00fcrgerbeteiligung\u00a0im Rahmen st\u00e4tdtebaulicher Vorhaben.\u00a0Der Tisch ist gerade gedeckt, als\u00a0es an der T\u00fcr klingelt. Bettinas Schwiegermutter\u00a0Hedwig Ulbrich, Lichtenbergerin\u00a0seit den 50ern, st\u00f6\u00dft spontan zu unserem\u00a0\u00bbWohnungspicknick\u00ab hinzu. Auch der\u00a0kanadische Sprachsch\u00fcler Julian, der f\u00fcr\u00a0ein paar Wochen hier wohnt, nimmt bei\u00a0uns Platz und erz\u00e4hlt, dass er sogar schon\u00a0im Grunewald joggen war \u2013 in Lichtenberg\u00a0sei er aber noch nicht so viel unterwegs\u00a0gewesen.<\/p>\n<p><a href=\"http:\/\/www.lived-space-lab.org\/stadtbesetzen\/files\/2014\/08\/08MS_MS_013.jpg\"><img loading=\"lazy\" decoding=\"async\" class=\"alignnone size-full wp-image-293\" alt=\"08MS_MS_013\" src=\"http:\/\/www.lived-space-lab.org\/stadtbesetzen\/files\/2014\/08\/08MS_MS_013.jpg\" width=\"1024\" height=\"683\" srcset=\"https:\/\/www.lived-space-lab.org\/stadtbesetzen\/files\/2014\/08\/08MS_MS_013.jpg 1024w, https:\/\/www.lived-space-lab.org\/stadtbesetzen\/files\/2014\/08\/08MS_MS_013-300x200.jpg 300w\" sizes=\"auto, (max-width: 1024px) 100vw, 1024px\" \/><\/a><\/p>\n<p><em>\u00bb Wir haben ja auch kein Kino mehr\u00a0und es ist eigentlich alles weg hier.\u00a0Man kann zu Hause bleiben aber in\u00a0Lichtenberg selbst kann man nicht\u00a0gro\u00df was unternehmen\u00ab<\/em><\/p>\n<p>Das kulturelle und soziale Angebot sei aber\u00a0viel gr\u00f6\u00dfer als man es auf den ersten\u00a0Blick vermuten w\u00fcrde, erfahren wir dann\u00a0von Bettina. Sie wei\u00df berufsbedingt\u00a0nat\u00fcrlich bestens\u00a0\u00fcber die Projekte und\u00a0Veranstaltungen im Kiez Bescheid. Zehn\u00a0Jahre war sie im Stadtteilmanagement f\u00fcr\u00a0den Weitlingkiez zust\u00e4ndig.<\/p>\n<p><em>\u00a0\u00bb Da hat man einen kurzen Draht zu\u00a0den Leuten gehabt und gemeinsam\u00a0etwas organisiert. Aber das sind\u00a0meistens auch hier zu wenige, die\u00a0da mitmachen.\u00ab<\/em><\/p>\n<p>Das Problem sei, dass viele gar nicht\u00a0w\u00fcssten, welche Initiativen und M\u00f6glichkeiten\u00a0der Beteiligung es \u00fcberhaubt gibt.\u00a0Verantwortlich f\u00fcr diesen Informationsaustausch\u00a0ist eigentlich das Stadtteilzentrum,\u00a0das wiederum l\u00e4ge aber zu fern ab.\u00a0Von diesem Zentrum aus ist \u00fcber die Jahre\u00a0zwar eine starke Vernetzung mit verschiedenen\u00a0Einrichtung entstanden, die f\u00fcr\u00a0Au\u00dfenstehende aber nur schwer ersichtlich.\u00a0Wir erfahren vom B\u00fcrgerhaushalt\u00a0Lichtenberg, einer Online-Platform f\u00fcr\u00a0Anwohnervorschl\u00e4ge und dem FAN Beirat,\u00a0der den Leuten im Kiez die M\u00f6glichkeit\u00a0gibt, in st\u00e4dtebauliche Prozesse einbezogen\u00a0zu werden.<\/p>\n<p><a href=\"http:\/\/www.lived-space-lab.org\/stadtbesetzen\/files\/2014\/08\/plakate_alle_korrigiert_final_JMN_PAN8_3.jpg\"><img loading=\"lazy\" decoding=\"async\" class=\"alignnone size-full wp-image-294\" alt=\"plakate_alle_korrigiert_final_JMN_PAN8_3\" src=\"http:\/\/www.lived-space-lab.org\/stadtbesetzen\/files\/2014\/08\/plakate_alle_korrigiert_final_JMN_PAN8_3.jpg\" width=\"768\" height=\"880\" srcset=\"https:\/\/www.lived-space-lab.org\/stadtbesetzen\/files\/2014\/08\/plakate_alle_korrigiert_final_JMN_PAN8_3.jpg 768w, https:\/\/www.lived-space-lab.org\/stadtbesetzen\/files\/2014\/08\/plakate_alle_korrigiert_final_JMN_PAN8_3-261x300.jpg 261w\" sizes=\"auto, (max-width: 768px) 100vw, 768px\" \/><\/a><\/p>\n<p><em>\u00a0\u00bbDa wird schon viel versucht, aber\u00a0das kommt alles zu sehr von oben.\u00a0Es m\u00fcsste mehr von unten kommen\u00ab\u00a0<\/em><\/p>\n<p>Wir gehen zum Kuchen und Kaffee \u00fcber\u00a0und Hedwig Ulbrich erz\u00e4hlt von fr\u00fcher. Als\u00a0die Kinder noch klein waren habe es ganz\u00a0viele Nachbarschaftsfeste gegeben, nicht\u00a0selten wurde der W\u00e4sche- oder Fahrradraum\u00a0als Partykeller umfunktioniert. Man\u00a0hat sich zum gemeinsamen Gr\u00fcnanlagensaubermachen\u00a0getroffen. Jetzt seien sie\u00a0alle zusammen alt geworden und ohne\u00a0die Kinder h\u00e4tte man nicht mehr so viele\u00a0Gr\u00fcnde, zusammenzukommen.<\/p>\n<p><em>\u00bbDa ist dann pro Haus h\u00f6chstens\u00a0eine junge Partei. Bei uns ist jetzt\u00a0ein Student eingezogen und eine\u00a0Frau, die hab ich noch nie gesehen,\u00a0die wohnt schon drei Jahre da.\u00ab\u00a0<\/em><\/p>\n<p>Lichtenberg ist auf Grund von steigenden\u00a0Mieten im benachbarten Friedrichshain\u00a0ein attraktives Zuzugsgebiet f\u00fcr junge\u00a0Familien geworden. Einen Austausch gibt\u00a0es aber kaum, weder zwischen den Generationen\u00a0noch zwischen \u00bbUr-Lichtenbergern\u00a0\u00ab und Zugezogenen.<\/p>\n<p><em>\u00bbIch find\u2019s immer lustig wenn die\u00a0Leute da am M\u00fcllstellplatz was\u00a0stehen lassen, das noch gut ist,\u00a0das kann sich der n\u00e4chste dann\u00a0mitnehmen. Das sind ja schon\u00a0so kleine Kontaktaufnahmen, \u00fcber\u00a0die es aber leider meistens nie\u00a0hinausgeht. Wenn man irgendwo\u00a0an zentraler Stelle eine M\u00f6glichkeit\u00a0des Austausches h\u00e4tte \u2013 das w\u00e4re\u00a0toll. Die Menschen brauchen ein\u00a0konkretes Thema, etwas, das nicht\u00a0so abstrakt ist\u00ab\u00a0<\/em><\/p>\n<p>Bettina erz\u00e4hlt uns begeistert von verschiedenen\u00a0Projekten im \u00f6ffentlichen\u00a0Raum, die sie bereits in anderen St\u00e4dten\u00a0gesehen hat und bietet uns an, noch auf\u00a0ein Glas Rotwein zu bleiben. Als wir uns\u00a0eine Stunde sp\u00e4ter auf den Heimweg\u00a0machen, sind wir sehr dankbar, dass uns\u00a0das Regenwetter letzen Endes noch so\u00a0viel mehr Zeit f\u00fcr das Gespr\u00e4ch mit Bettina\u00a0und ihrer Schwiegermutter geschenkt hat.<\/p>\n<p><strong>Zum Objekt<\/strong><\/p>\n<p><strong><\/strong><em>Schreiben im \u00f6ffentlichen Raum\u00a0<\/em><\/p>\n<p>Intervention auf dem Freiaplatz\u00a0Der Freiaplatz ist ein Ort, an dem sich die Wege vieler verschiedener Menschen\u00a0kreuzen. Dennoch verpassen sich hier vielleicht interessante Begegnungen, neue\u00a0Geschichten nur um ein paar Schritte. Die Intervention ist ein Versuch, das Kommunikationspotential,\u00a0das dieser Ort ohne Frage besitzt, in einem Punkt zu konzentrieren.<\/p>\n<p><a href=\"http:\/\/www.lived-space-lab.org\/stadtbesetzen\/files\/2014\/08\/08MS_BT_012.jpg\"><img loading=\"lazy\" decoding=\"async\" class=\"alignnone size-large wp-image-295\" alt=\"08MS_BT_012\" src=\"http:\/\/www.lived-space-lab.org\/stadtbesetzen\/files\/2014\/08\/08MS_BT_012.jpg\" width=\"1024\" height=\"689\" srcset=\"https:\/\/www.lived-space-lab.org\/stadtbesetzen\/files\/2014\/08\/08MS_BT_012.jpg 1024w, https:\/\/www.lived-space-lab.org\/stadtbesetzen\/files\/2014\/08\/08MS_BT_012-300x201.jpg 300w\" sizes=\"auto, (max-width: 1024px) 100vw, 1024px\" \/><\/a><\/p>\n<p>Als passendes Vehikel dieser Kommunikation wurde die Schreibmaschine gew\u00e4hlt.\u00a0\u00dcber sie als verbindendes Medium wird mit der M\u00f6glichkeit zum freien Schreiben\u00a0die Voraussetzung daf\u00fcr geschaffen, jedem Vorbeikommenden eine Nachricht zu\u00a0hinterlassen.<\/p>\n<p><a href=\"http:\/\/www.lived-space-lab.org\/stadtbesetzen\/files\/2014\/08\/08MS_MS_001.jpg\"><img loading=\"lazy\" decoding=\"async\" class=\"alignnone size-large wp-image-296\" alt=\"08MS_MS_001\" src=\"http:\/\/www.lived-space-lab.org\/stadtbesetzen\/files\/2014\/08\/08MS_MS_001.jpg\" width=\"1024\" height=\"683\" srcset=\"https:\/\/www.lived-space-lab.org\/stadtbesetzen\/files\/2014\/08\/08MS_MS_001.jpg 1024w, https:\/\/www.lived-space-lab.org\/stadtbesetzen\/files\/2014\/08\/08MS_MS_001-300x200.jpg 300w\" sizes=\"auto, (max-width: 1024px) 100vw, 1024px\" \/><\/a><\/p>\n<p>Nebenbei k\u00f6nnen die Menschen aber auch \u00fcber die Aktion selbst ins Gespr\u00e4ch\u00a0kommen. Sie haben etwas Gemeinsames gefunden, \u00fcber das sie in Kommunikation\u00a0treten k\u00f6nnen. Es gibt etwas, das beliebige Menschen miteinander erleben<\/p>\n<p>.<a href=\"http:\/\/www.lived-space-lab.org\/stadtbesetzen\/files\/2014\/08\/08MS_MS_002.jpg\"><img loading=\"lazy\" decoding=\"async\" class=\"alignnone size-large wp-image-297\" alt=\"08MS_MS_002\" src=\"http:\/\/www.lived-space-lab.org\/stadtbesetzen\/files\/2014\/08\/08MS_MS_002.jpg\" width=\"1024\" height=\"683\" srcset=\"https:\/\/www.lived-space-lab.org\/stadtbesetzen\/files\/2014\/08\/08MS_MS_002.jpg 1024w, https:\/\/www.lived-space-lab.org\/stadtbesetzen\/files\/2014\/08\/08MS_MS_002-300x200.jpg 300w\" sizes=\"auto, (max-width: 1024px) 100vw, 1024px\" \/><\/a><\/p>\n<p><a href=\"http:\/\/www.lived-space-lab.org\/stadtbesetzen\/files\/2014\/08\/08MS_MS_004.jpg\"><img loading=\"lazy\" decoding=\"async\" class=\"alignnone size-large wp-image-298\" alt=\"08MS_MS_004\" src=\"http:\/\/www.lived-space-lab.org\/stadtbesetzen\/files\/2014\/08\/08MS_MS_004.jpg\" width=\"1024\" height=\"683\" srcset=\"https:\/\/www.lived-space-lab.org\/stadtbesetzen\/files\/2014\/08\/08MS_MS_004.jpg 1024w, https:\/\/www.lived-space-lab.org\/stadtbesetzen\/files\/2014\/08\/08MS_MS_004-300x200.jpg 300w\" sizes=\"auto, (max-width: 1024px) 100vw, 1024px\" \/><\/a><\/p>\n<p><a href=\"http:\/\/www.lived-space-lab.org\/stadtbesetzen\/files\/2014\/08\/08MS_MS_005.jpg\"><img loading=\"lazy\" decoding=\"async\" class=\"alignnone size-large wp-image-299\" alt=\"08MS_MS_005\" src=\"http:\/\/www.lived-space-lab.org\/stadtbesetzen\/files\/2014\/08\/08MS_MS_005.jpg\" width=\"1024\" height=\"683\" srcset=\"https:\/\/www.lived-space-lab.org\/stadtbesetzen\/files\/2014\/08\/08MS_MS_005.jpg 1024w, https:\/\/www.lived-space-lab.org\/stadtbesetzen\/files\/2014\/08\/08MS_MS_005-300x200.jpg 300w\" sizes=\"auto, (max-width: 1024px) 100vw, 1024px\" \/><\/a><\/p>\n<p>&nbsp;<\/p>\n<p><strong>Miriam und Sebastian <\/strong><\/p>\n<p>Miriam studiert Visuelle Kommunikation mit dem\u00a0Schwerpunkt Entwerfen visueller Systeme. Sie\u00a0hat gro\u00dfes Interesse an interdisziplin\u00e4rer Zusammenarbeit\u00a0und daran, was Design alles sein kann.<\/p>\n<p>Sebastian ist Gasth\u00f6rer an der UdK und kommt\u00a0aus New York. Dort hat er Wirtschaft und Jazzgitarre\u00a0studiert. Ab Herbst beginnt er ein multidisziplin\u00e4res\u00a0Masterprogram am Gradute Center NYC.<\/p>\n","protected":false},"excerpt":{"rendered":"<p>SCHREIBEN AUF DEM FREIAPLATZ von Miriam Kadel und Sebastian Perez\u00a0 Unwetterwarnung und Sturmb\u00f6en \u00fcber Berlin&#8230;<\/p>\n","protected":false},"author":1,"featured_media":292,"comment_status":"closed","ping_status":"closed","sticky":false,"template":"","format":"standard","meta":{"footnotes":""},"categories":[1],"tags":[],"class_list":["post-41","post","type-post","status-publish","format-standard","has-post-thumbnail","hentry","category-uncategorized"],"_links":{"self":[{"href":"https:\/\/www.lived-space-lab.org\/stadtbesetzen\/index.php?rest_route=\/wp\/v2\/posts\/41","targetHints":{"allow":["GET"]}}],"collection":[{"href":"https:\/\/www.lived-space-lab.org\/stadtbesetzen\/index.php?rest_route=\/wp\/v2\/posts"}],"about":[{"href":"https:\/\/www.lived-space-lab.org\/stadtbesetzen\/index.php?rest_route=\/wp\/v2\/types\/post"}],"author":[{"embeddable":true,"href":"https:\/\/www.lived-space-lab.org\/stadtbesetzen\/index.php?rest_route=\/wp\/v2\/users\/1"}],"replies":[{"embeddable":true,"href":"https:\/\/www.lived-space-lab.org\/stadtbesetzen\/index.php?rest_route=%2Fwp%2Fv2%2Fcomments&post=41"}],"version-history":[{"count":11,"href":"https:\/\/www.lived-space-lab.org\/stadtbesetzen\/index.php?rest_route=\/wp\/v2\/posts\/41\/revisions"}],"predecessor-version":[{"id":291,"href":"https:\/\/www.lived-space-lab.org\/stadtbesetzen\/index.php?rest_route=\/wp\/v2\/posts\/41\/revisions\/291"}],"wp:featuredmedia":[{"embeddable":true,"href":"https:\/\/www.lived-space-lab.org\/stadtbesetzen\/index.php?rest_route=\/wp\/v2\/media\/292"}],"wp:attachment":[{"href":"https:\/\/www.lived-space-lab.org\/stadtbesetzen\/index.php?rest_route=%2Fwp%2Fv2%2Fmedia&parent=41"}],"wp:term":[{"taxonomy":"category","embeddable":true,"href":"https:\/\/www.lived-space-lab.org\/stadtbesetzen\/index.php?rest_route=%2Fwp%2Fv2%2Fcategories&post=41"},{"taxonomy":"post_tag","embeddable":true,"href":"https:\/\/www.lived-space-lab.org\/stadtbesetzen\/index.php?rest_route=%2Fwp%2Fv2%2Ftags&post=41"}],"curies":[{"name":"wp","href":"https:\/\/api.w.org\/{rel}","templated":true}]}}