{"id":40,"date":"2014-08-13T09:15:59","date_gmt":"2014-08-13T09:15:59","guid":{"rendered":"http:\/\/www.lived-space-lab.org\/stadtbesetzen\/?p=40"},"modified":"2014-09-01T08:05:41","modified_gmt":"2014-09-01T08:05:41","slug":"09-gottesacker","status":"publish","type":"post","link":"https:\/\/www.lived-space-lab.org\/stadtbesetzen\/?p=40","title":{"rendered":"09 Gottesacker"},"content":{"rendered":"<p><strong>GOTTESACKER<\/strong><\/p>\n<p><em>von Jana Tost und Anja Fritz<\/em><\/p>\n<p><em><\/em><strong>Lokale\u2005\u2005Expertinnen:\u00a0<\/strong>Catarina+Elisabeth\u00a0Zimmermann-Homeyer<\/p>\n<p>Wir picknickten mit zwei Expertinnen: Catharina (37) und Elisabeth (2). Der siebenj\u00e4hrige Sohn konnte leider nicht zu\u00a0unserem Picknick mitkommen.Familie Zimmermann wohnt seit zweieinhalb Jahren im Neubaugebiet an der\u00a0Kriemhildstrasse. Da Catarina zuvor mit ihrem Sohn in Friedrichshain gewohnt hat, ist sie eine der neuen Lichtenbergerinnen, die nach und nach aus Friedrichshain herziehen.<\/p>\n<p><em>\u201cDie Friedrichshainer Familien ziehen ja jetzt alle nach Lichtenberg. Das ist wirklich so! Die meisten Leute, die ich kenne, ziehen jetzt nach Lichtenberg. Man kann da seine ganze Infrastruktur beibehalten, und wenn man mehr als zwei Kinder hat, kriegt man in Friedrichshain sowieso keine besonders bezahlbare Wohnung mehr.\u201d<\/em><\/p>\n<p><a href=\"http:\/\/www.lived-space-lab.org\/stadtbesetzen\/files\/2014\/08\/09AJ_AJ_018.jpg\"><img loading=\"lazy\" decoding=\"async\" class=\"alignnone size-full wp-image-275\" alt=\"09AJ_AJ_018\" src=\"http:\/\/www.lived-space-lab.org\/stadtbesetzen\/files\/2014\/08\/09AJ_AJ_018.jpg\" width=\"1024\" height=\"750\" srcset=\"https:\/\/www.lived-space-lab.org\/stadtbesetzen\/files\/2014\/08\/09AJ_AJ_018.jpg 1024w, https:\/\/www.lived-space-lab.org\/stadtbesetzen\/files\/2014\/08\/09AJ_AJ_018-300x219.jpg 300w\" sizes=\"auto, (max-width: 1024px) 100vw, 1024px\" \/><\/a><\/p>\n<p>Wir sind Anja und Jana , Studentinnen der Udk im Bereich Archiktektur und Visueller Kommunikation (Fotografie) und Film. Wir haben Lichtenberg durch das Projekt ein bisschen kennengelernt, eine gro\u00dfe Fazination f\u00fcr unseren Picknickort entwickelt und dabei zwei wunderbare Expertinnen kennengelernt.<\/p>\n<p>Nach dem ersten Telefongespr\u00e4ch mit unserer Expertin war klar, dass der Picknickort , angepasst an die Sichheitsbed\u00fcrfnisse einer jungen Mutter, den Kindern die n\u00f6tige Freiheit geben muss, sich zu besch\u00e4ftigen und ihnen gleichzeitig klare Grenzen setzt. Da wir f\u00fcr dieses Projekt einen gestalteten Spielplatz aber nicht f\u00fcr den richtigen Ort hielten, suchten wir weiter, bis wir schlie\u00dflich den ehemaligen Friedhof an der Gotlindestrasse fanden. Dort wurde ca. 1960 zum letzten Mal jemand beerdigt. Ein Teil des Gel\u00e4ndes wird von einer Ausbildungsg\u00e4rtnerei genutzt. Das Gel\u00e4nde ist noch ringsum von der alten Friedhofsmauer umgeben, ist aber ganzt\u00e4gig durch den Eingang an der Gotlindestrasse f\u00fcr Besucher zug\u00e4nglich. Einige Anwohner nutzen den Park f\u00fcrs Hundeausf\u00fchren und Spazierengehen &#8211; es scheint jedoch keiner l\u00e4nger zu bleiben oder sich mal niederzulassen. Dieser ruhige und sichere Ort schien uns perfekt f\u00fcr unser Expertinnentreffen.\u00a0Nach ausgiebigem Naschen vom Kuchen und den mitgebrachten Knabbereien machte sich Elisabeth selbstst\u00e4ndig und erkundete die Umgebung. Es war erstaunlich, wie die Zweij\u00e4hrige sich den Ort zu eigen machte \u2013 und die vorher bef\u00fcrchtete Langeweile keine Chance hatte. Das kleine M\u00e4dchen eroberte die Natur, die zuvor den Friedhof erobert hatte. Auff\u00e4llig war dabei ihre Perspektive, wodurch Dinge auf ihrer H\u00f6he in den Mittelpunkt r\u00fcckten, wie Pflanzen und kleine L\u00f6cher im Stein.<\/p>\n<p><a href=\"http:\/\/www.lived-space-lab.org\/stadtbesetzen\/files\/2014\/08\/09_PAN_AJ.jpg\"><img loading=\"lazy\" decoding=\"async\" class=\"alignnone size-large wp-image-278\" alt=\"09_PAN_AJ\" src=\"http:\/\/www.lived-space-lab.org\/stadtbesetzen\/files\/2014\/08\/09_PAN_AJ-1024x1024.jpg\" width=\"1024\" height=\"1024\" srcset=\"https:\/\/www.lived-space-lab.org\/stadtbesetzen\/files\/2014\/08\/09_PAN_AJ-1024x1024.jpg 1024w, https:\/\/www.lived-space-lab.org\/stadtbesetzen\/files\/2014\/08\/09_PAN_AJ-150x150.jpg 150w, https:\/\/www.lived-space-lab.org\/stadtbesetzen\/files\/2014\/08\/09_PAN_AJ-300x300.jpg 300w, https:\/\/www.lived-space-lab.org\/stadtbesetzen\/files\/2014\/08\/09_PAN_AJ.jpg 1900w\" sizes=\"auto, (max-width: 1024px) 100vw, 1024px\" \/><\/a><\/p>\n<p>Catarina erz\u00e4hlte w\u00e4hrenddessen von Qualit\u00e4ten und Mankos des Wohngebiets:<\/p>\n<p><em>\u201cEs fehlen hier defnitiv Kinderspielpl\u00e4tze! Es gibt den Freiaplatz, der ist ganz sch\u00f6n. Was fehlt, sind fl\u00e4chendeckend \u00fcberall mal kleinere Spielpl\u00e4tze. Gerade auch am Zentralfriedhof, da ist so ein dreieckiges Grundst\u00fcck, da gehen immer die Leute mit ihren Hunden hin. Das w\u00e4r nat\u00fcrlich perfekt f\u00fcr einen Spielplatz, da fahren auch nicht viele Autos. Oder auch ein Bolzplatz k\u00f6nnte da sein.\u201d<\/em><\/p>\n<p><strong>Zum Objekt<\/strong><\/p>\n<p><a href=\"http:\/\/www.lived-space-lab.org\/stadtbesetzen\/files\/2014\/08\/09AJ_AJ_016.jpg\"><img loading=\"lazy\" decoding=\"async\" class=\"alignnone size-full wp-image-280\" alt=\"09AJ_AJ_016\" src=\"http:\/\/www.lived-space-lab.org\/stadtbesetzen\/files\/2014\/08\/09AJ_AJ_016.jpg\" width=\"1024\" height=\"683\" srcset=\"https:\/\/www.lived-space-lab.org\/stadtbesetzen\/files\/2014\/08\/09AJ_AJ_016.jpg 1024w, https:\/\/www.lived-space-lab.org\/stadtbesetzen\/files\/2014\/08\/09AJ_AJ_016-300x200.jpg 300w\" sizes=\"auto, (max-width: 1024px) 100vw, 1024px\" \/><\/a><\/p>\n<p>Bepflanzung. Nach dem Bef\u00fcllen der ehemaligen Wassertr\u00f6ge mit Erde pflanzten wir die auf dem Friedhof wachsenden Wildkr\u00e4uter dort ein.<\/p>\n<p><a href=\"http:\/\/www.lived-space-lab.org\/stadtbesetzen\/files\/2014\/08\/09AJ_AJ_006.jpg\"><img loading=\"lazy\" decoding=\"async\" alt=\"09AJ_AJ_006\" src=\"http:\/\/www.lived-space-lab.org\/stadtbesetzen\/files\/2014\/08\/09AJ_AJ_006.jpg\" width=\"1024\" height=\"753\" \/><\/a><\/p>\n<p><a href=\"http:\/\/www.lived-space-lab.org\/stadtbesetzen\/files\/2014\/08\/09AJ_AJ_004.jpg\"><img loading=\"lazy\" decoding=\"async\" class=\"alignnone size-full wp-image-281\" alt=\"09AJ_AJ_004\" src=\"http:\/\/www.lived-space-lab.org\/stadtbesetzen\/files\/2014\/08\/09AJ_AJ_004.jpg\" width=\"1024\" height=\"753\" srcset=\"https:\/\/www.lived-space-lab.org\/stadtbesetzen\/files\/2014\/08\/09AJ_AJ_004.jpg 1024w, https:\/\/www.lived-space-lab.org\/stadtbesetzen\/files\/2014\/08\/09AJ_AJ_004-300x220.jpg 300w\" sizes=\"auto, (max-width: 1024px) 100vw, 1024px\" \/><\/a><\/p>\n<p>Gottesacker. Abschlusspr\u00e4sentation des Projekts mit Verkostung einiger der auf dem Rezeptflyer gesammelten Wildkr\u00e4utergerichte.<\/p>\n<p><a href=\"http:\/\/www.lived-space-lab.org\/stadtbesetzen\/files\/2014\/08\/09AJ_AJ_014.jpg\"><img loading=\"lazy\" decoding=\"async\" class=\"alignnone size-full wp-image-282\" alt=\"09AJ_AJ_014\" src=\"http:\/\/www.lived-space-lab.org\/stadtbesetzen\/files\/2014\/08\/09AJ_AJ_014.jpg\" width=\"1024\" height=\"683\" srcset=\"https:\/\/www.lived-space-lab.org\/stadtbesetzen\/files\/2014\/08\/09AJ_AJ_014.jpg 1024w, https:\/\/www.lived-space-lab.org\/stadtbesetzen\/files\/2014\/08\/09AJ_AJ_014-300x200.jpg 300w\" sizes=\"auto, (max-width: 1024px) 100vw, 1024px\" \/><\/a><\/p>\n<p>&nbsp;<\/p>\n<p><strong>Anja und Jana \u00a0<\/strong><\/p>\n<p>Studentinnen der Udk im Bereich Archiktektur und Visueller Kommunikation (Fotografie) und Film.<\/p>\n","protected":false},"excerpt":{"rendered":"<p>GOTTESACKER von Jana Tost und Anja Fritz Lokale\u2005\u2005Expertinnen:\u00a0Catarina+Elisabeth\u00a0Zimmermann-Homeyer Wir picknickten mit zwei Expertinnen: Catharina (37)&#8230;<\/p>\n","protected":false},"author":1,"featured_media":287,"comment_status":"closed","ping_status":"closed","sticky":false,"template":"","format":"standard","meta":{"footnotes":""},"categories":[1],"tags":[],"class_list":["post-40","post","type-post","status-publish","format-standard","has-post-thumbnail","hentry","category-uncategorized"],"_links":{"self":[{"href":"https:\/\/www.lived-space-lab.org\/stadtbesetzen\/index.php?rest_route=\/wp\/v2\/posts\/40","targetHints":{"allow":["GET"]}}],"collection":[{"href":"https:\/\/www.lived-space-lab.org\/stadtbesetzen\/index.php?rest_route=\/wp\/v2\/posts"}],"about":[{"href":"https:\/\/www.lived-space-lab.org\/stadtbesetzen\/index.php?rest_route=\/wp\/v2\/types\/post"}],"author":[{"embeddable":true,"href":"https:\/\/www.lived-space-lab.org\/stadtbesetzen\/index.php?rest_route=\/wp\/v2\/users\/1"}],"replies":[{"embeddable":true,"href":"https:\/\/www.lived-space-lab.org\/stadtbesetzen\/index.php?rest_route=%2Fwp%2Fv2%2Fcomments&post=40"}],"version-history":[{"count":8,"href":"https:\/\/www.lived-space-lab.org\/stadtbesetzen\/index.php?rest_route=\/wp\/v2\/posts\/40\/revisions"}],"predecessor-version":[{"id":272,"href":"https:\/\/www.lived-space-lab.org\/stadtbesetzen\/index.php?rest_route=\/wp\/v2\/posts\/40\/revisions\/272"}],"wp:featuredmedia":[{"embeddable":true,"href":"https:\/\/www.lived-space-lab.org\/stadtbesetzen\/index.php?rest_route=\/wp\/v2\/media\/287"}],"wp:attachment":[{"href":"https:\/\/www.lived-space-lab.org\/stadtbesetzen\/index.php?rest_route=%2Fwp%2Fv2%2Fmedia&parent=40"}],"wp:term":[{"taxonomy":"category","embeddable":true,"href":"https:\/\/www.lived-space-lab.org\/stadtbesetzen\/index.php?rest_route=%2Fwp%2Fv2%2Fcategories&post=40"},{"taxonomy":"post_tag","embeddable":true,"href":"https:\/\/www.lived-space-lab.org\/stadtbesetzen\/index.php?rest_route=%2Fwp%2Fv2%2Ftags&post=40"}],"curies":[{"name":"wp","href":"https:\/\/api.w.org\/{rel}","templated":true}]}}